{"id":268,"count":1,"description":"Ram\u00f3n Arnau (1984, Denia) und Mariola Reyna (1985, Valencia) lernten sich 2003 w\u00e4hrend ihres Architekturstudiums kennen. W\u00e4hrend sie dieses Studium abschlossen, f\u00fchrte ihre Leidenschaft f\u00fcr M\u00f6beldesign sie dazu, gemeinsam Industrial Design zu studieren.\r\n\r\n\u201eWir entwerfen Produkte, die sich mit dem Benutzer und den R\u00e4umen, die er bewohnt, verbinden. Wir gehen von einfachen Ideen aus, die sich im Designprozess entwickeln. Zeitlose St\u00fccke, die nicht von vor\u00fcbergehenden Trends beeinflusst werden. Wir glauben an Design als Strategie, ein immaterielles Werkzeug, das eine grundlegende S\u00e4ule f\u00fcr Unternehmen als Motor f\u00fcr Produktivit\u00e4t und Wachstum darstellt. Design bedeutet nicht nur, eine gute Idee zu haben, sondern ein Kriterium, anhand dessen die Business-Roadmap gezeichnet wird. Wir wollen Design-Ikonen der Zukunft schaffen\u00bb","link":"https:\/\/www.dressy.design\/de\/c\/designern\/arnau-y-reyna\/","name":"Arnau y Reyna","slug":"arnau-y-reyna","taxonomy":"product_cat","parent":203,"meta":[],"menu_order":0,"acf":[],"yoast_head":"<!-- This site is optimized with the Yoast SEO plugin v27.2 - https:\/\/yoast.com\/product\/yoast-seo-wordpress\/ -->\n<title>Arnau y Reyna | Dressy<\/title>\n<meta name=\"robots\" content=\"index, follow, max-snippet:-1, max-image-preview:large, max-video-preview:-1\" \/>\n<link rel=\"canonical\" href=\"https:\/\/www.dressy.design\/de\/c\/designern\/arnau-y-reyna\/\" \/>\n<meta property=\"og:locale\" content=\"de_DE\" \/>\n<meta property=\"og:type\" content=\"article\" \/>\n<meta property=\"og:title\" content=\"Arnau y Reyna | Dressy\" \/>\n<meta property=\"og:description\" content=\"Ram\u00f3n Arnau (1984, Denia) und Mariola Reyna (1985, Valencia) lernten sich 2003 w\u00e4hrend ihres Architekturstudiums kennen. W\u00e4hrend sie dieses Studium abschlossen, f\u00fchrte ihre Leidenschaft f\u00fcr M\u00f6beldesign sie dazu, gemeinsam Industrial Design zu studieren. \u201eWir entwerfen Produkte, die sich mit dem Benutzer und den R\u00e4umen, die er bewohnt, verbinden. Wir gehen von einfachen Ideen aus, die sich im Designprozess entwickeln. Zeitlose St\u00fccke, die nicht von vor\u00fcbergehenden Trends beeinflusst werden. Wir glauben an Design als Strategie, ein immaterielles Werkzeug, das eine grundlegende S\u00e4ule f\u00fcr Unternehmen als Motor f\u00fcr Produktivit\u00e4t und Wachstum darstellt. Design bedeutet nicht nur, eine gute Idee zu haben, sondern ein Kriterium, anhand dessen die Business-Roadmap gezeichnet wird. Wir wollen Design-Ikonen der Zukunft schaffen\u00bb\" \/>\n<meta property=\"og:url\" content=\"https:\/\/www.dressy.design\/de\/c\/designern\/arnau-y-reyna\/\" \/>\n<meta property=\"og:site_name\" content=\"Dressy\" \/>\n<meta property=\"og:image\" content=\"https:\/\/www.dressy.design\/wp-content\/uploads\/2025\/01\/IMAGEN-SEO-DRESSY.jpg\" \/>\n\t<meta property=\"og:image:width\" content=\"1200\" \/>\n\t<meta property=\"og:image:height\" content=\"628\" \/>\n\t<meta property=\"og:image:type\" content=\"image\/jpeg\" \/>\n<meta name=\"twitter:card\" content=\"summary_large_image\" \/>\n<script type=\"application\/ld+json\" class=\"yoast-schema-graph\">{\"@context\":\"https:\/\/schema.org\",\"@graph\":[{\"@type\":\"CollectionPage\",\"@id\":\"https:\/\/www.dressy.design\/de\/c\/designern\/arnau-y-reyna\/\",\"url\":\"https:\/\/www.dressy.design\/de\/c\/designern\/arnau-y-reyna\/\",\"name\":\"Arnau y Reyna | Dressy\",\"isPartOf\":{\"@id\":\"https:\/\/www.dressy.design\/de\/#website\"},\"breadcrumb\":{\"@id\":\"https:\/\/www.dressy.design\/de\/c\/designern\/arnau-y-reyna\/#breadcrumb\"},\"inLanguage\":\"de\"},{\"@type\":\"BreadcrumbList\",\"@id\":\"https:\/\/www.dressy.design\/de\/c\/designern\/arnau-y-reyna\/#breadcrumb\",\"itemListElement\":[{\"@type\":\"ListItem\",\"position\":1,\"name\":\"Portada\",\"item\":\"https:\/\/www.dressy.design\/de\/\"},{\"@type\":\"ListItem\",\"position\":2,\"name\":\"Designern\",\"item\":\"https:\/\/www.dressy.design\/de\/c\/designern\/\"},{\"@type\":\"ListItem\",\"position\":3,\"name\":\"Arnau y Reyna\"}]},{\"@type\":\"WebSite\",\"@id\":\"https:\/\/www.dressy.design\/de\/#website\",\"url\":\"https:\/\/www.dressy.design\/de\/\",\"name\":\"Dressy\",\"description\":\"Sillas y mesas de m\u00e1xima calidad y dise\u00f1o\",\"potentialAction\":[{\"@type\":\"SearchAction\",\"target\":{\"@type\":\"EntryPoint\",\"urlTemplate\":\"https:\/\/www.dressy.design\/de\/?s={search_term_string}\"},\"query-input\":{\"@type\":\"PropertyValueSpecification\",\"valueRequired\":true,\"valueName\":\"search_term_string\"}}],\"inLanguage\":\"de\"}]}<\/script>\n<!-- \/ Yoast SEO plugin. -->","yoast_head_json":{"title":"Arnau y Reyna | Dressy","robots":{"index":"index","follow":"follow","max-snippet":"max-snippet:-1","max-image-preview":"max-image-preview:large","max-video-preview":"max-video-preview:-1"},"canonical":"https:\/\/www.dressy.design\/de\/c\/designern\/arnau-y-reyna\/","og_locale":"de_DE","og_type":"article","og_title":"Arnau y Reyna | Dressy","og_description":"Ram\u00f3n Arnau (1984, Denia) und Mariola Reyna (1985, Valencia) lernten sich 2003 w\u00e4hrend ihres Architekturstudiums kennen. W\u00e4hrend sie dieses Studium abschlossen, f\u00fchrte ihre Leidenschaft f\u00fcr M\u00f6beldesign sie dazu, gemeinsam Industrial Design zu studieren. \u201eWir entwerfen Produkte, die sich mit dem Benutzer und den R\u00e4umen, die er bewohnt, verbinden. Wir gehen von einfachen Ideen aus, die sich im Designprozess entwickeln. Zeitlose St\u00fccke, die nicht von vor\u00fcbergehenden Trends beeinflusst werden. Wir glauben an Design als Strategie, ein immaterielles Werkzeug, das eine grundlegende S\u00e4ule f\u00fcr Unternehmen als Motor f\u00fcr Produktivit\u00e4t und Wachstum darstellt. Design bedeutet nicht nur, eine gute Idee zu haben, sondern ein Kriterium, anhand dessen die Business-Roadmap gezeichnet wird. Wir wollen Design-Ikonen der Zukunft schaffen\u00bb","og_url":"https:\/\/www.dressy.design\/de\/c\/designern\/arnau-y-reyna\/","og_site_name":"Dressy","og_image":[{"width":1200,"height":628,"url":"https:\/\/www.dressy.design\/wp-content\/uploads\/2025\/01\/IMAGEN-SEO-DRESSY.jpg","type":"image\/jpeg"}],"twitter_card":"summary_large_image","schema":{"@context":"https:\/\/schema.org","@graph":[{"@type":"CollectionPage","@id":"https:\/\/www.dressy.design\/de\/c\/designern\/arnau-y-reyna\/","url":"https:\/\/www.dressy.design\/de\/c\/designern\/arnau-y-reyna\/","name":"Arnau y Reyna | Dressy","isPartOf":{"@id":"https:\/\/www.dressy.design\/de\/#website"},"breadcrumb":{"@id":"https:\/\/www.dressy.design\/de\/c\/designern\/arnau-y-reyna\/#breadcrumb"},"inLanguage":"de"},{"@type":"BreadcrumbList","@id":"https:\/\/www.dressy.design\/de\/c\/designern\/arnau-y-reyna\/#breadcrumb","itemListElement":[{"@type":"ListItem","position":1,"name":"Portada","item":"https:\/\/www.dressy.design\/de\/"},{"@type":"ListItem","position":2,"name":"Designern","item":"https:\/\/www.dressy.design\/de\/c\/designern\/"},{"@type":"ListItem","position":3,"name":"Arnau y Reyna"}]},{"@type":"WebSite","@id":"https:\/\/www.dressy.design\/de\/#website","url":"https:\/\/www.dressy.design\/de\/","name":"Dressy","description":"Sillas y mesas de m\u00e1xima calidad y dise\u00f1o","potentialAction":[{"@type":"SearchAction","target":{"@type":"EntryPoint","urlTemplate":"https:\/\/www.dressy.design\/de\/?s={search_term_string}"},"query-input":{"@type":"PropertyValueSpecification","valueRequired":true,"valueName":"search_term_string"}}],"inLanguage":"de"}]}},"_links":{"self":[{"href":"https:\/\/www.dressy.design\/de\/wp-json\/wp\/v2\/product_cat\/268","targetHints":{"allow":["GET"]}}],"collection":[{"href":"https:\/\/www.dressy.design\/de\/wp-json\/wp\/v2\/product_cat"}],"about":[{"href":"https:\/\/www.dressy.design\/de\/wp-json\/wp\/v2\/taxonomies\/product_cat"}],"up":[{"embeddable":true,"href":"https:\/\/www.dressy.design\/de\/wp-json\/wp\/v2\/product_cat\/203"}],"wp:post_type":[{"href":"https:\/\/www.dressy.design\/de\/wp-json\/wp\/v2\/product?product_cat=268"}],"curies":[{"name":"wp","href":"https:\/\/api.w.org\/{rel}","templated":true}]}}