{"id":3505,"date":"2022-05-18T10:17:16","date_gmt":"2022-05-18T10:17:16","guid":{"rendered":"https:\/\/www.dressy.design\/?p=3505"},"modified":"2022-06-01T13:32:07","modified_gmt":"2022-06-01T11:32:07","slug":"the-design-room-mallorca","status":"publish","type":"post","link":"https:\/\/www.dressy.design\/es\/the-design-room-mallorca\/","title":{"rendered":"The Design Room Mallorca"},"content":{"rendered":"\n\n\n<div class=\"wp-block-image\"><figure class=\"aligncenter size-full is-resized\"><img loading=\"lazy\" decoding=\"async\" src=\"https:\/\/www.dressy.design\/wp-content\/uploads\/2022\/06\/DressyNews_The-design-Room_02.jpg\" alt=\"\" class=\"wp-image-5439\" width=\"840\" height=\"560\" srcset=\"https:\/\/www.dressy.design\/wp-content\/uploads\/2022\/06\/DressyNews_The-design-Room_02.jpg 564w, https:\/\/www.dressy.design\/wp-content\/uploads\/2022\/06\/DressyNews_The-design-Room_02-150x100.jpg 150w, https:\/\/www.dressy.design\/wp-content\/uploads\/2022\/06\/DressyNews_The-design-Room_02-300x200.jpg 300w\" sizes=\"auto, (max-width: 840px) 100vw, 840px\" \/><\/figure><\/div>\n\n\n\n<p class=\"has-text-align-center\">Dressy participa en The Design Room, un evento que se desarroll\u00f3 durante el&nbsp;17 de mayo de 2022 en el espacio Natura del Hotel Maricel de Palma de Mallorca. Un d\u00eda&nbsp;con exposici\u00f3n de&nbsp;productos (mueble e iluminaci\u00f3n) y soluciones para el canal h\u00e1bitat&nbsp;dirigido al&nbsp;canal profesional del amueblamiento de interiores y prescripci\u00f3n.<\/p>\n\n\n\n<p class=\"has-text-align-center\">El objetivo de este evento es favorecer el&nbsp;encuentro entre profesionales del mundo de la prescripci\u00f3n y contract (hoteles,&nbsp;dise\u00f1adores de interiores, arquitectos, interioristas, tiendas de dise\u00f1o, despachos de arquitectura, etc..) y la industria del mueble e iluminaci\u00f3n y productos para el interiorismo y amueblamiento contract.<\/p>\n\n\n\n<p class=\"has-text-align-center\">El evento ha sido organizado por Anieme y FEDAI.<\/p>\n\n\n\n<div class=\"wp-block-image\"><figure class=\"aligncenter size-full\"><img loading=\"lazy\" decoding=\"async\" width=\"564\" height=\"376\" src=\"https:\/\/www.dressy.design\/wp-content\/uploads\/2022\/05\/DressyNews_The-design-Room_01.jpg\" alt=\"\" class=\"wp-image-3510\" srcset=\"https:\/\/www.dressy.design\/wp-content\/uploads\/2022\/05\/DressyNews_The-design-Room_01.jpg 564w, https:\/\/www.dressy.design\/wp-content\/uploads\/2022\/05\/DressyNews_The-design-Room_01-150x100.jpg 150w, https:\/\/www.dressy.design\/wp-content\/uploads\/2022\/05\/DressyNews_The-design-Room_01-50x33.jpg 50w, https:\/\/www.dressy.design\/wp-content\/uploads\/2022\/05\/DressyNews_The-design-Room_01-100x67.jpg 100w, https:\/\/www.dressy.design\/wp-content\/uploads\/2022\/05\/DressyNews_The-design-Room_01-300x200.jpg 300w\" sizes=\"auto, (max-width: 564px) 100vw, 564px\" \/><\/figure><\/div>\n","protected":false},"excerpt":{"rendered":"<p>Dressy participa en The Design Room, un evento que se desarroll\u00f3 en el Hotel Maricel de Palma de Mallorca.<\/p>\n","protected":false},"author":5,"featured_media":3512,"comment_status":"closed","ping_status":"closed","sticky":false,"template":"","format":"standard","meta":{"_acf_changed":false,"footnotes":""},"categories":[1,34],"tags":[180,158,176,181,157,179,171],"class_list":["post-3505","post","type-post","status-publish","format-standard","has-post-thumbnail","hentry","category-noticias-home","category-noticias","tag-anieme","tag-diseno","tag-dressy","tag-evento","tag-interiorismo","tag-mallorca","tag-mobiliario"],"acf":[],"yoast_head":"<!-- This site is optimized with the Yoast SEO plugin v27.2 - https:\/\/yoast.com\/product\/yoast-seo-wordpress\/ -->\n<title>The Design Room Mallorca | Dressy<\/title>\n<meta name=\"robots\" content=\"index, follow, max-snippet:-1, max-image-preview:large, max-video-preview:-1\" \/>\n<link rel=\"canonical\" href=\"https:\/\/www.dressy.design\/es\/the-design-room-mallorca\/\" \/>\n<meta property=\"og:locale\" content=\"es_ES\" \/>\n<meta property=\"og:type\" content=\"article\" \/>\n<meta property=\"og:title\" content=\"The Design Room Mallorca | Dressy\" \/>\n<meta property=\"og:description\" content=\"Dressy participa en The Design Room, un evento que se desarroll\u00f3 en el Hotel Maricel de Palma de Mallorca.\" \/>\n<meta property=\"og:url\" content=\"https:\/\/www.dressy.design\/es\/the-design-room-mallorca\/\" \/>\n<meta property=\"og:site_name\" content=\"Dressy\" \/>\n<meta property=\"article:published_time\" content=\"2022-05-18T10:17:16+00:00\" \/>\n<meta property=\"article:modified_time\" content=\"2022-06-01T11:32:07+00:00\" \/>\n<meta property=\"og:image\" content=\"https:\/\/www.dressy.design\/wp-content\/uploads\/2022\/05\/DressyNews_The-design-Room_LIST.jpg\" \/>\n\t<meta property=\"og:image:width\" content=\"564\" \/>\n\t<meta property=\"og:image:height\" content=\"564\" \/>\n\t<meta property=\"og:image:type\" content=\"image\/jpeg\" \/>\n<meta name=\"author\" content=\"Ferran\" \/>\n<meta name=\"twitter:card\" content=\"summary_large_image\" \/>\n<meta name=\"twitter:label1\" content=\"Escrito por\" \/>\n\t<meta name=\"twitter:data1\" content=\"Ferran\" \/>\n\t<meta name=\"twitter:label2\" content=\"Tiempo de lectura\" \/>\n\t<meta name=\"twitter:data2\" content=\"1 minuto\" \/>\n<script type=\"application\/ld+json\" class=\"yoast-schema-graph\">{\"@context\":\"https:\/\/schema.org\",\"@graph\":[{\"@type\":\"Article\",\"@id\":\"https:\/\/www.dressy.design\/es\/the-design-room-mallorca\/#article\",\"isPartOf\":{\"@id\":\"https:\/\/www.dressy.design\/es\/the-design-room-mallorca\/\"},\"author\":{\"name\":\"Ferran\",\"@id\":\"https:\/\/www.dressy.design\/es\/#\/schema\/person\/fdc4b4dd64f9776d0ac79036e2811272\"},\"headline\":\"The Design Room Mallorca\",\"datePublished\":\"2022-05-18T10:17:16+00:00\",\"dateModified\":\"2022-06-01T11:32:07+00:00\",\"mainEntityOfPage\":{\"@id\":\"https:\/\/www.dressy.design\/es\/the-design-room-mallorca\/\"},\"wordCount\":127,\"image\":{\"@id\":\"https:\/\/www.dressy.design\/es\/the-design-room-mallorca\/#primaryimage\"},\"thumbnailUrl\":\"https:\/\/www.dressy.design\/wp-content\/uploads\/2022\/05\/DressyNews_The-design-Room_LIST.jpg\",\"keywords\":[\"anieme\",\"dise\u00f1o\",\"dressy\",\"evento\",\"interiorismo\",\"mallorca\",\"mobiliario\"],\"articleSection\":[\"Home\",\"Noticias\"],\"inLanguage\":\"es\"},{\"@type\":\"WebPage\",\"@id\":\"https:\/\/www.dressy.design\/es\/the-design-room-mallorca\/\",\"url\":\"https:\/\/www.dressy.design\/es\/the-design-room-mallorca\/\",\"name\":\"The Design Room Mallorca | Dressy\",\"isPartOf\":{\"@id\":\"https:\/\/www.dressy.design\/es\/#website\"},\"primaryImageOfPage\":{\"@id\":\"https:\/\/www.dressy.design\/es\/the-design-room-mallorca\/#primaryimage\"},\"image\":{\"@id\":\"https:\/\/www.dressy.design\/es\/the-design-room-mallorca\/#primaryimage\"},\"thumbnailUrl\":\"https:\/\/www.dressy.design\/wp-content\/uploads\/2022\/05\/DressyNews_The-design-Room_LIST.jpg\",\"datePublished\":\"2022-05-18T10:17:16+00:00\",\"dateModified\":\"2022-06-01T11:32:07+00:00\",\"author\":{\"@id\":\"https:\/\/www.dressy.design\/es\/#\/schema\/person\/fdc4b4dd64f9776d0ac79036e2811272\"},\"breadcrumb\":{\"@id\":\"https:\/\/www.dressy.design\/es\/the-design-room-mallorca\/#breadcrumb\"},\"inLanguage\":\"es\",\"potentialAction\":[{\"@type\":\"ReadAction\",\"target\":[\"https:\/\/www.dressy.design\/es\/the-design-room-mallorca\/\"]}]},{\"@type\":\"ImageObject\",\"inLanguage\":\"es\",\"@id\":\"https:\/\/www.dressy.design\/es\/the-design-room-mallorca\/#primaryimage\",\"url\":\"https:\/\/www.dressy.design\/wp-content\/uploads\/2022\/05\/DressyNews_The-design-Room_LIST.jpg\",\"contentUrl\":\"https:\/\/www.dressy.design\/wp-content\/uploads\/2022\/05\/DressyNews_The-design-Room_LIST.jpg\",\"width\":564,\"height\":564},{\"@type\":\"BreadcrumbList\",\"@id\":\"https:\/\/www.dressy.design\/es\/the-design-room-mallorca\/#breadcrumb\",\"itemListElement\":[{\"@type\":\"ListItem\",\"position\":1,\"name\":\"Portada\",\"item\":\"https:\/\/www.dressy.design\/es\/\"},{\"@type\":\"ListItem\",\"position\":2,\"name\":\"The Design Room Mallorca\"}]},{\"@type\":\"WebSite\",\"@id\":\"https:\/\/www.dressy.design\/es\/#website\",\"url\":\"https:\/\/www.dressy.design\/es\/\",\"name\":\"Dressy\",\"description\":\"Sillas y mesas de m\u00e1xima calidad y dise\u00f1o\",\"potentialAction\":[{\"@type\":\"SearchAction\",\"target\":{\"@type\":\"EntryPoint\",\"urlTemplate\":\"https:\/\/www.dressy.design\/es\/?s={search_term_string}\"},\"query-input\":{\"@type\":\"PropertyValueSpecification\",\"valueRequired\":true,\"valueName\":\"search_term_string\"}}],\"inLanguage\":\"es\"},{\"@type\":\"Person\",\"@id\":\"https:\/\/www.dressy.design\/es\/#\/schema\/person\/fdc4b4dd64f9776d0ac79036e2811272\",\"name\":\"Ferran\",\"image\":{\"@type\":\"ImageObject\",\"inLanguage\":\"es\",\"@id\":\"https:\/\/secure.gravatar.com\/avatar\/bfd07f6c35243c7ec7cb3c1471b1047b5a0d91d02f03dd56b0ce01a25ad60cc5?s=96&d=mm&r=g\",\"url\":\"https:\/\/secure.gravatar.com\/avatar\/bfd07f6c35243c7ec7cb3c1471b1047b5a0d91d02f03dd56b0ce01a25ad60cc5?s=96&d=mm&r=g\",\"contentUrl\":\"https:\/\/secure.gravatar.com\/avatar\/bfd07f6c35243c7ec7cb3c1471b1047b5a0d91d02f03dd56b0ce01a25ad60cc5?s=96&d=mm&r=g\",\"caption\":\"Ferran\"},\"url\":\"https:\/\/www.dressy.design\/es\/author\/ferran\/\"}]}<\/script>\n<!-- \/ Yoast SEO plugin. -->","yoast_head_json":{"title":"The Design Room Mallorca | Dressy","robots":{"index":"index","follow":"follow","max-snippet":"max-snippet:-1","max-image-preview":"max-image-preview:large","max-video-preview":"max-video-preview:-1"},"canonical":"https:\/\/www.dressy.design\/es\/the-design-room-mallorca\/","og_locale":"es_ES","og_type":"article","og_title":"The Design Room Mallorca | Dressy","og_description":"Dressy participa en The Design Room, un evento que se desarroll\u00f3 en el Hotel Maricel de Palma de Mallorca.","og_url":"https:\/\/www.dressy.design\/es\/the-design-room-mallorca\/","og_site_name":"Dressy","article_published_time":"2022-05-18T10:17:16+00:00","article_modified_time":"2022-06-01T11:32:07+00:00","og_image":[{"width":564,"height":564,"url":"https:\/\/www.dressy.design\/wp-content\/uploads\/2022\/05\/DressyNews_The-design-Room_LIST.jpg","type":"image\/jpeg"}],"author":"Ferran","twitter_card":"summary_large_image","twitter_misc":{"Escrito por":"Ferran","Tiempo de lectura":"1 minuto"},"schema":{"@context":"https:\/\/schema.org","@graph":[{"@type":"Article","@id":"https:\/\/www.dressy.design\/es\/the-design-room-mallorca\/#article","isPartOf":{"@id":"https:\/\/www.dressy.design\/es\/the-design-room-mallorca\/"},"author":{"name":"Ferran","@id":"https:\/\/www.dressy.design\/es\/#\/schema\/person\/fdc4b4dd64f9776d0ac79036e2811272"},"headline":"The Design Room Mallorca","datePublished":"2022-05-18T10:17:16+00:00","dateModified":"2022-06-01T11:32:07+00:00","mainEntityOfPage":{"@id":"https:\/\/www.dressy.design\/es\/the-design-room-mallorca\/"},"wordCount":127,"image":{"@id":"https:\/\/www.dressy.design\/es\/the-design-room-mallorca\/#primaryimage"},"thumbnailUrl":"https:\/\/www.dressy.design\/wp-content\/uploads\/2022\/05\/DressyNews_The-design-Room_LIST.jpg","keywords":["anieme","dise\u00f1o","dressy","evento","interiorismo","mallorca","mobiliario"],"articleSection":["Home","Noticias"],"inLanguage":"es"},{"@type":"WebPage","@id":"https:\/\/www.dressy.design\/es\/the-design-room-mallorca\/","url":"https:\/\/www.dressy.design\/es\/the-design-room-mallorca\/","name":"The Design Room Mallorca | Dressy","isPartOf":{"@id":"https:\/\/www.dressy.design\/es\/#website"},"primaryImageOfPage":{"@id":"https:\/\/www.dressy.design\/es\/the-design-room-mallorca\/#primaryimage"},"image":{"@id":"https:\/\/www.dressy.design\/es\/the-design-room-mallorca\/#primaryimage"},"thumbnailUrl":"https:\/\/www.dressy.design\/wp-content\/uploads\/2022\/05\/DressyNews_The-design-Room_LIST.jpg","datePublished":"2022-05-18T10:17:16+00:00","dateModified":"2022-06-01T11:32:07+00:00","author":{"@id":"https:\/\/www.dressy.design\/es\/#\/schema\/person\/fdc4b4dd64f9776d0ac79036e2811272"},"breadcrumb":{"@id":"https:\/\/www.dressy.design\/es\/the-design-room-mallorca\/#breadcrumb"},"inLanguage":"es","potentialAction":[{"@type":"ReadAction","target":["https:\/\/www.dressy.design\/es\/the-design-room-mallorca\/"]}]},{"@type":"ImageObject","inLanguage":"es","@id":"https:\/\/www.dressy.design\/es\/the-design-room-mallorca\/#primaryimage","url":"https:\/\/www.dressy.design\/wp-content\/uploads\/2022\/05\/DressyNews_The-design-Room_LIST.jpg","contentUrl":"https:\/\/www.dressy.design\/wp-content\/uploads\/2022\/05\/DressyNews_The-design-Room_LIST.jpg","width":564,"height":564},{"@type":"BreadcrumbList","@id":"https:\/\/www.dressy.design\/es\/the-design-room-mallorca\/#breadcrumb","itemListElement":[{"@type":"ListItem","position":1,"name":"Portada","item":"https:\/\/www.dressy.design\/es\/"},{"@type":"ListItem","position":2,"name":"The Design Room Mallorca"}]},{"@type":"WebSite","@id":"https:\/\/www.dressy.design\/es\/#website","url":"https:\/\/www.dressy.design\/es\/","name":"Dressy","description":"Sillas y mesas de m\u00e1xima calidad y dise\u00f1o","potentialAction":[{"@type":"SearchAction","target":{"@type":"EntryPoint","urlTemplate":"https:\/\/www.dressy.design\/es\/?s={search_term_string}"},"query-input":{"@type":"PropertyValueSpecification","valueRequired":true,"valueName":"search_term_string"}}],"inLanguage":"es"},{"@type":"Person","@id":"https:\/\/www.dressy.design\/es\/#\/schema\/person\/fdc4b4dd64f9776d0ac79036e2811272","name":"Ferran","image":{"@type":"ImageObject","inLanguage":"es","@id":"https:\/\/secure.gravatar.com\/avatar\/bfd07f6c35243c7ec7cb3c1471b1047b5a0d91d02f03dd56b0ce01a25ad60cc5?s=96&d=mm&r=g","url":"https:\/\/secure.gravatar.com\/avatar\/bfd07f6c35243c7ec7cb3c1471b1047b5a0d91d02f03dd56b0ce01a25ad60cc5?s=96&d=mm&r=g","contentUrl":"https:\/\/secure.gravatar.com\/avatar\/bfd07f6c35243c7ec7cb3c1471b1047b5a0d91d02f03dd56b0ce01a25ad60cc5?s=96&d=mm&r=g","caption":"Ferran"},"url":"https:\/\/www.dressy.design\/es\/author\/ferran\/"}]}},"_links":{"self":[{"href":"https:\/\/www.dressy.design\/es\/wp-json\/wp\/v2\/posts\/3505","targetHints":{"allow":["GET"]}}],"collection":[{"href":"https:\/\/www.dressy.design\/es\/wp-json\/wp\/v2\/posts"}],"about":[{"href":"https:\/\/www.dressy.design\/es\/wp-json\/wp\/v2\/types\/post"}],"author":[{"embeddable":true,"href":"https:\/\/www.dressy.design\/es\/wp-json\/wp\/v2\/users\/5"}],"replies":[{"embeddable":true,"href":"https:\/\/www.dressy.design\/es\/wp-json\/wp\/v2\/comments?post=3505"}],"version-history":[{"count":6,"href":"https:\/\/www.dressy.design\/es\/wp-json\/wp\/v2\/posts\/3505\/revisions"}],"predecessor-version":[{"id":5445,"href":"https:\/\/www.dressy.design\/es\/wp-json\/wp\/v2\/posts\/3505\/revisions\/5445"}],"wp:featuredmedia":[{"embeddable":true,"href":"https:\/\/www.dressy.design\/es\/wp-json\/wp\/v2\/media\/3512"}],"wp:attachment":[{"href":"https:\/\/www.dressy.design\/es\/wp-json\/wp\/v2\/media?parent=3505"}],"wp:term":[{"taxonomy":"category","embeddable":true,"href":"https:\/\/www.dressy.design\/es\/wp-json\/wp\/v2\/categories?post=3505"},{"taxonomy":"post_tag","embeddable":true,"href":"https:\/\/www.dressy.design\/es\/wp-json\/wp\/v2\/tags?post=3505"}],"curies":[{"name":"wp","href":"https:\/\/api.w.org\/{rel}","templated":true}]}}