{"id":6006,"date":"2022-06-20T12:01:39","date_gmt":"2022-06-20T10:01:39","guid":{"rendered":"https:\/\/www.dressy.design\/?p=6006"},"modified":"2022-07-06T13:26:37","modified_gmt":"2022-07-06T11:26:37","slug":"dressy-en-el-salone-internazionale-del-mobile-2022","status":"publish","type":"post","link":"https:\/\/www.dressy.design\/es\/dressy-en-el-salone-internazionale-del-mobile-2022\/","title":{"rendered":"Dressy en el Salone Internazionale del Mobile 2022"},"content":{"rendered":"\n\n\n<figure class=\"wp-block-image size-full\"><img loading=\"lazy\" decoding=\"async\" width=\"1128\" height=\"752\" src=\"https:\/\/www.dressy.design\/wp-content\/uploads\/2022\/07\/Noticias_Dressy-en-el-Salone-del-Mobile_Principal.jpg\" alt=\"\" class=\"wp-image-6114\" srcset=\"https:\/\/www.dressy.design\/wp-content\/uploads\/2022\/07\/Noticias_Dressy-en-el-Salone-del-Mobile_Principal.jpg 1128w, https:\/\/www.dressy.design\/wp-content\/uploads\/2022\/07\/Noticias_Dressy-en-el-Salone-del-Mobile_Principal-150x100.jpg 150w, https:\/\/www.dressy.design\/wp-content\/uploads\/2022\/07\/Noticias_Dressy-en-el-Salone-del-Mobile_Principal-768x512.jpg 768w, https:\/\/www.dressy.design\/wp-content\/uploads\/2022\/07\/Noticias_Dressy-en-el-Salone-del-Mobile_Principal-300x200.jpg 300w, https:\/\/www.dressy.design\/wp-content\/uploads\/2022\/07\/Noticias_Dressy-en-el-Salone-del-Mobile_Principal-600x400.jpg 600w\" sizes=\"auto, (max-width: 1128px) 100vw, 1128px\" \/><\/figure>\n\n\n\n<p>La marca de mobiliario espa\u00f1ol ha presentado sus novedades en la 60.\u00aa edici\u00f3n de la feria m\u00e1s importante en el sector del dise\u00f1o y el interiorismo.<\/p>\n\n\n\n<p>De la mano de Santiago Sevillano, los que se acercaron al stand pudieron conocer la nueva colecci\u00f3n de sof\u00e1s <strong>Balma <\/strong>y la ampliaci\u00f3n de opciones de asiento de la colecci\u00f3n <strong>Nubo<\/strong>.<\/p>\n\n\n\n<p>Adem\u00e1s, Dressy present\u00f3 el puf <strong>Lugga <\/strong>dise\u00f1ado por Arnau y Reyna.<\/p>\n\n\n\n<p>La mesa <strong>Bertiz<\/strong>, proyectada por el equipo de dise\u00f1o interno, y la alacena <strong>Miles <\/strong>dise\u00f1ada por Sergio Rochas son las otras novedades presentadas en Mil\u00e1n.<\/p>\n\n\n\n<p>Much\u00edsimas gracias a todos por vuestras visitas.<\/p>\n\n\n\n<div class=\"wp-block-columns is-layout-flex wp-container-core-columns-is-layout-9d6595d7 wp-block-columns-is-layout-flex\">\n<div class=\"wp-block-column is-layout-flow wp-block-column-is-layout-flow\" style=\"flex-basis:100%\"><\/div>\n<\/div>\n\n\n\n<figure class=\"wp-block-gallery has-nested-images columns-default is-cropped wp-block-gallery-1 is-layout-flex wp-block-gallery-is-layout-flex\">\n<figure class=\"wp-block-image size-large\"><img loading=\"lazy\" decoding=\"async\" width=\"564\" height=\"376\" data-id=\"6060\" src=\"https:\/\/www.dressy.design\/wp-content\/uploads\/2022\/06\/Noticias_Dressy-en-el-Salone-del-Mobile_02.jpg\" alt=\"\" class=\"wp-image-6060\" srcset=\"https:\/\/www.dressy.design\/wp-content\/uploads\/2022\/06\/Noticias_Dressy-en-el-Salone-del-Mobile_02.jpg 564w, https:\/\/www.dressy.design\/wp-content\/uploads\/2022\/06\/Noticias_Dressy-en-el-Salone-del-Mobile_02-150x100.jpg 150w, https:\/\/www.dressy.design\/wp-content\/uploads\/2022\/06\/Noticias_Dressy-en-el-Salone-del-Mobile_02-300x200.jpg 300w\" sizes=\"auto, (max-width: 564px) 100vw, 564px\" \/><\/figure>\n\n\n\n<figure class=\"wp-block-image size-large\"><img loading=\"lazy\" decoding=\"async\" width=\"564\" height=\"700\" data-id=\"6065\" src=\"https:\/\/www.dressy.design\/wp-content\/uploads\/2022\/06\/Noticias_Dressy-en-el-Salone-del-Mobile_05.jpg\" alt=\"\" class=\"wp-image-6065\" srcset=\"https:\/\/www.dressy.design\/wp-content\/uploads\/2022\/06\/Noticias_Dressy-en-el-Salone-del-Mobile_05.jpg 564w, https:\/\/www.dressy.design\/wp-content\/uploads\/2022\/06\/Noticias_Dressy-en-el-Salone-del-Mobile_05-150x186.jpg 150w, https:\/\/www.dressy.design\/wp-content\/uploads\/2022\/06\/Noticias_Dressy-en-el-Salone-del-Mobile_05-300x372.jpg 300w\" sizes=\"auto, (max-width: 564px) 100vw, 564px\" \/><\/figure>\n\n\n\n<figure class=\"wp-block-image size-large\"><img loading=\"lazy\" decoding=\"async\" width=\"564\" height=\"700\" data-id=\"6072\" src=\"https:\/\/www.dressy.design\/wp-content\/uploads\/2022\/06\/Noticias_Dressy-en-el-Salone-del-Mobile_04.jpg\" alt=\"\" class=\"wp-image-6072\" srcset=\"https:\/\/www.dressy.design\/wp-content\/uploads\/2022\/06\/Noticias_Dressy-en-el-Salone-del-Mobile_04.jpg 564w, https:\/\/www.dressy.design\/wp-content\/uploads\/2022\/06\/Noticias_Dressy-en-el-Salone-del-Mobile_04-150x186.jpg 150w, https:\/\/www.dressy.design\/wp-content\/uploads\/2022\/06\/Noticias_Dressy-en-el-Salone-del-Mobile_04-300x372.jpg 300w\" sizes=\"auto, (max-width: 564px) 100vw, 564px\" \/><\/figure>\n\n\n\n<figure class=\"wp-block-image size-large\"><img loading=\"lazy\" decoding=\"async\" width=\"564\" height=\"700\" data-id=\"6080\" src=\"https:\/\/www.dressy.design\/wp-content\/uploads\/2022\/06\/Noticias_Dressy-en-el-Salone-del-Mobile_07.jpg\" alt=\"\" class=\"wp-image-6080\" srcset=\"https:\/\/www.dressy.design\/wp-content\/uploads\/2022\/06\/Noticias_Dressy-en-el-Salone-del-Mobile_07.jpg 564w, https:\/\/www.dressy.design\/wp-content\/uploads\/2022\/06\/Noticias_Dressy-en-el-Salone-del-Mobile_07-150x186.jpg 150w, https:\/\/www.dressy.design\/wp-content\/uploads\/2022\/06\/Noticias_Dressy-en-el-Salone-del-Mobile_07-300x372.jpg 300w\" sizes=\"auto, (max-width: 564px) 100vw, 564px\" \/><\/figure>\n\n\n\n<figure class=\"wp-block-image size-large\"><img loading=\"lazy\" decoding=\"async\" width=\"564\" height=\"700\" data-id=\"6064\" src=\"https:\/\/www.dressy.design\/wp-content\/uploads\/2022\/06\/Noticias_Dressy-en-el-Salone-del-Mobile_03.jpg\" alt=\"\" class=\"wp-image-6064\" srcset=\"https:\/\/www.dressy.design\/wp-content\/uploads\/2022\/06\/Noticias_Dressy-en-el-Salone-del-Mobile_03.jpg 564w, https:\/\/www.dressy.design\/wp-content\/uploads\/2022\/06\/Noticias_Dressy-en-el-Salone-del-Mobile_03-150x186.jpg 150w, https:\/\/www.dressy.design\/wp-content\/uploads\/2022\/06\/Noticias_Dressy-en-el-Salone-del-Mobile_03-300x372.jpg 300w\" sizes=\"auto, (max-width: 564px) 100vw, 564px\" \/><\/figure>\n<\/figure>\n\n\n\n<p><\/p>\n","protected":false},"excerpt":{"rendered":"<p>La marca de mobiliario espa\u00f1ol ha presentado sus novedades en la 60.\u00aa edici\u00f3n de la feria m\u00e1s importante en el sector del dise\u00f1o y el interiorismo.<\/p>\n","protected":false},"author":5,"featured_media":6007,"comment_status":"closed","ping_status":"closed","sticky":false,"template":"","format":"standard","meta":{"_acf_changed":false,"footnotes":""},"categories":[1,34],"tags":[158,272,157,273,171],"class_list":["post-6006","post","type-post","status-publish","format-standard","has-post-thumbnail","hentry","category-noticias-home","category-noticias","tag-diseno","tag-eventos","tag-interiorismo","tag-isaloni","tag-mobiliario"],"acf":[],"yoast_head":"<!-- This site is optimized with the Yoast SEO plugin v27.2 - https:\/\/yoast.com\/product\/yoast-seo-wordpress\/ -->\n<title>Dressy en el Salone Internazionale del Mobile 2022 | Dressy<\/title>\n<meta name=\"robots\" content=\"index, follow, max-snippet:-1, max-image-preview:large, max-video-preview:-1\" \/>\n<link rel=\"canonical\" href=\"https:\/\/www.dressy.design\/es\/dressy-en-el-salone-internazionale-del-mobile-2022\/\" \/>\n<meta property=\"og:locale\" content=\"es_ES\" \/>\n<meta property=\"og:type\" content=\"article\" \/>\n<meta property=\"og:title\" content=\"Dressy en el Salone Internazionale del Mobile 2022 | Dressy\" \/>\n<meta property=\"og:description\" content=\"La marca de mobiliario espa\u00f1ol ha presentado sus novedades en la 60.\u00aa edici\u00f3n de la feria m\u00e1s importante en el sector del dise\u00f1o y el interiorismo.\" \/>\n<meta property=\"og:url\" content=\"https:\/\/www.dressy.design\/es\/dressy-en-el-salone-internazionale-del-mobile-2022\/\" \/>\n<meta property=\"og:site_name\" content=\"Dressy\" \/>\n<meta property=\"article:published_time\" content=\"2022-06-20T10:01:39+00:00\" \/>\n<meta property=\"article:modified_time\" content=\"2022-07-06T11:26:37+00:00\" \/>\n<meta property=\"og:image\" content=\"https:\/\/www.dressy.design\/wp-content\/uploads\/2022\/06\/Noticias_Dressy-en-el-Salone-del-Mobile_Imagen-listado_564x564px.jpg\" \/>\n\t<meta property=\"og:image:width\" content=\"564\" \/>\n\t<meta property=\"og:image:height\" content=\"564\" \/>\n\t<meta property=\"og:image:type\" content=\"image\/jpeg\" \/>\n<meta name=\"author\" content=\"Ferran\" \/>\n<meta name=\"twitter:card\" content=\"summary_large_image\" \/>\n<meta name=\"twitter:label1\" content=\"Escrito por\" \/>\n\t<meta name=\"twitter:data1\" content=\"Ferran\" \/>\n\t<meta name=\"twitter:label2\" content=\"Tiempo de lectura\" \/>\n\t<meta name=\"twitter:data2\" content=\"2 minutos\" \/>\n<script type=\"application\/ld+json\" class=\"yoast-schema-graph\">{\"@context\":\"https:\/\/schema.org\",\"@graph\":[{\"@type\":\"Article\",\"@id\":\"https:\/\/www.dressy.design\/es\/dressy-en-el-salone-internazionale-del-mobile-2022\/#article\",\"isPartOf\":{\"@id\":\"https:\/\/www.dressy.design\/es\/dressy-en-el-salone-internazionale-del-mobile-2022\/\"},\"author\":{\"name\":\"Ferran\",\"@id\":\"https:\/\/www.dressy.design\/es\/#\/schema\/person\/fdc4b4dd64f9776d0ac79036e2811272\"},\"headline\":\"Dressy en el Salone Internazionale del Mobile 2022\",\"datePublished\":\"2022-06-20T10:01:39+00:00\",\"dateModified\":\"2022-07-06T11:26:37+00:00\",\"mainEntityOfPage\":{\"@id\":\"https:\/\/www.dressy.design\/es\/dressy-en-el-salone-internazionale-del-mobile-2022\/\"},\"wordCount\":120,\"image\":{\"@id\":\"https:\/\/www.dressy.design\/es\/dressy-en-el-salone-internazionale-del-mobile-2022\/#primaryimage\"},\"thumbnailUrl\":\"https:\/\/www.dressy.design\/wp-content\/uploads\/2022\/06\/Noticias_Dressy-en-el-Salone-del-Mobile_Imagen-listado_564x564px.jpg\",\"keywords\":[\"dise\u00f1o\",\"Eventos\",\"interiorismo\",\"isaloni\",\"mobiliario\"],\"articleSection\":[\"Home\",\"Noticias\"],\"inLanguage\":\"es\"},{\"@type\":\"WebPage\",\"@id\":\"https:\/\/www.dressy.design\/es\/dressy-en-el-salone-internazionale-del-mobile-2022\/\",\"url\":\"https:\/\/www.dressy.design\/es\/dressy-en-el-salone-internazionale-del-mobile-2022\/\",\"name\":\"Dressy en el Salone Internazionale del Mobile 2022 | Dressy\",\"isPartOf\":{\"@id\":\"https:\/\/www.dressy.design\/es\/#website\"},\"primaryImageOfPage\":{\"@id\":\"https:\/\/www.dressy.design\/es\/dressy-en-el-salone-internazionale-del-mobile-2022\/#primaryimage\"},\"image\":{\"@id\":\"https:\/\/www.dressy.design\/es\/dressy-en-el-salone-internazionale-del-mobile-2022\/#primaryimage\"},\"thumbnailUrl\":\"https:\/\/www.dressy.design\/wp-content\/uploads\/2022\/06\/Noticias_Dressy-en-el-Salone-del-Mobile_Imagen-listado_564x564px.jpg\",\"datePublished\":\"2022-06-20T10:01:39+00:00\",\"dateModified\":\"2022-07-06T11:26:37+00:00\",\"author\":{\"@id\":\"https:\/\/www.dressy.design\/es\/#\/schema\/person\/fdc4b4dd64f9776d0ac79036e2811272\"},\"breadcrumb\":{\"@id\":\"https:\/\/www.dressy.design\/es\/dressy-en-el-salone-internazionale-del-mobile-2022\/#breadcrumb\"},\"inLanguage\":\"es\",\"potentialAction\":[{\"@type\":\"ReadAction\",\"target\":[\"https:\/\/www.dressy.design\/es\/dressy-en-el-salone-internazionale-del-mobile-2022\/\"]}]},{\"@type\":\"ImageObject\",\"inLanguage\":\"es\",\"@id\":\"https:\/\/www.dressy.design\/es\/dressy-en-el-salone-internazionale-del-mobile-2022\/#primaryimage\",\"url\":\"https:\/\/www.dressy.design\/wp-content\/uploads\/2022\/06\/Noticias_Dressy-en-el-Salone-del-Mobile_Imagen-listado_564x564px.jpg\",\"contentUrl\":\"https:\/\/www.dressy.design\/wp-content\/uploads\/2022\/06\/Noticias_Dressy-en-el-Salone-del-Mobile_Imagen-listado_564x564px.jpg\",\"width\":564,\"height\":564},{\"@type\":\"BreadcrumbList\",\"@id\":\"https:\/\/www.dressy.design\/es\/dressy-en-el-salone-internazionale-del-mobile-2022\/#breadcrumb\",\"itemListElement\":[{\"@type\":\"ListItem\",\"position\":1,\"name\":\"Portada\",\"item\":\"https:\/\/www.dressy.design\/es\/\"},{\"@type\":\"ListItem\",\"position\":2,\"name\":\"Dressy en el Salone Internazionale del Mobile 2022\"}]},{\"@type\":\"WebSite\",\"@id\":\"https:\/\/www.dressy.design\/es\/#website\",\"url\":\"https:\/\/www.dressy.design\/es\/\",\"name\":\"Dressy\",\"description\":\"Sillas y mesas de m\u00e1xima calidad y dise\u00f1o\",\"potentialAction\":[{\"@type\":\"SearchAction\",\"target\":{\"@type\":\"EntryPoint\",\"urlTemplate\":\"https:\/\/www.dressy.design\/es\/?s={search_term_string}\"},\"query-input\":{\"@type\":\"PropertyValueSpecification\",\"valueRequired\":true,\"valueName\":\"search_term_string\"}}],\"inLanguage\":\"es\"},{\"@type\":\"Person\",\"@id\":\"https:\/\/www.dressy.design\/es\/#\/schema\/person\/fdc4b4dd64f9776d0ac79036e2811272\",\"name\":\"Ferran\",\"image\":{\"@type\":\"ImageObject\",\"inLanguage\":\"es\",\"@id\":\"https:\/\/secure.gravatar.com\/avatar\/bfd07f6c35243c7ec7cb3c1471b1047b5a0d91d02f03dd56b0ce01a25ad60cc5?s=96&d=mm&r=g\",\"url\":\"https:\/\/secure.gravatar.com\/avatar\/bfd07f6c35243c7ec7cb3c1471b1047b5a0d91d02f03dd56b0ce01a25ad60cc5?s=96&d=mm&r=g\",\"contentUrl\":\"https:\/\/secure.gravatar.com\/avatar\/bfd07f6c35243c7ec7cb3c1471b1047b5a0d91d02f03dd56b0ce01a25ad60cc5?s=96&d=mm&r=g\",\"caption\":\"Ferran\"},\"url\":\"https:\/\/www.dressy.design\/es\/author\/ferran\/\"}]}<\/script>\n<!-- \/ Yoast SEO plugin. -->","yoast_head_json":{"title":"Dressy en el Salone Internazionale del Mobile 2022 | Dressy","robots":{"index":"index","follow":"follow","max-snippet":"max-snippet:-1","max-image-preview":"max-image-preview:large","max-video-preview":"max-video-preview:-1"},"canonical":"https:\/\/www.dressy.design\/es\/dressy-en-el-salone-internazionale-del-mobile-2022\/","og_locale":"es_ES","og_type":"article","og_title":"Dressy en el Salone Internazionale del Mobile 2022 | Dressy","og_description":"La marca de mobiliario espa\u00f1ol ha presentado sus novedades en la 60.\u00aa edici\u00f3n de la feria m\u00e1s importante en el sector del dise\u00f1o y el interiorismo.","og_url":"https:\/\/www.dressy.design\/es\/dressy-en-el-salone-internazionale-del-mobile-2022\/","og_site_name":"Dressy","article_published_time":"2022-06-20T10:01:39+00:00","article_modified_time":"2022-07-06T11:26:37+00:00","og_image":[{"width":564,"height":564,"url":"https:\/\/www.dressy.design\/wp-content\/uploads\/2022\/06\/Noticias_Dressy-en-el-Salone-del-Mobile_Imagen-listado_564x564px.jpg","type":"image\/jpeg"}],"author":"Ferran","twitter_card":"summary_large_image","twitter_misc":{"Escrito por":"Ferran","Tiempo de lectura":"2 minutos"},"schema":{"@context":"https:\/\/schema.org","@graph":[{"@type":"Article","@id":"https:\/\/www.dressy.design\/es\/dressy-en-el-salone-internazionale-del-mobile-2022\/#article","isPartOf":{"@id":"https:\/\/www.dressy.design\/es\/dressy-en-el-salone-internazionale-del-mobile-2022\/"},"author":{"name":"Ferran","@id":"https:\/\/www.dressy.design\/es\/#\/schema\/person\/fdc4b4dd64f9776d0ac79036e2811272"},"headline":"Dressy en el Salone Internazionale del Mobile 2022","datePublished":"2022-06-20T10:01:39+00:00","dateModified":"2022-07-06T11:26:37+00:00","mainEntityOfPage":{"@id":"https:\/\/www.dressy.design\/es\/dressy-en-el-salone-internazionale-del-mobile-2022\/"},"wordCount":120,"image":{"@id":"https:\/\/www.dressy.design\/es\/dressy-en-el-salone-internazionale-del-mobile-2022\/#primaryimage"},"thumbnailUrl":"https:\/\/www.dressy.design\/wp-content\/uploads\/2022\/06\/Noticias_Dressy-en-el-Salone-del-Mobile_Imagen-listado_564x564px.jpg","keywords":["dise\u00f1o","Eventos","interiorismo","isaloni","mobiliario"],"articleSection":["Home","Noticias"],"inLanguage":"es"},{"@type":"WebPage","@id":"https:\/\/www.dressy.design\/es\/dressy-en-el-salone-internazionale-del-mobile-2022\/","url":"https:\/\/www.dressy.design\/es\/dressy-en-el-salone-internazionale-del-mobile-2022\/","name":"Dressy en el Salone Internazionale del Mobile 2022 | Dressy","isPartOf":{"@id":"https:\/\/www.dressy.design\/es\/#website"},"primaryImageOfPage":{"@id":"https:\/\/www.dressy.design\/es\/dressy-en-el-salone-internazionale-del-mobile-2022\/#primaryimage"},"image":{"@id":"https:\/\/www.dressy.design\/es\/dressy-en-el-salone-internazionale-del-mobile-2022\/#primaryimage"},"thumbnailUrl":"https:\/\/www.dressy.design\/wp-content\/uploads\/2022\/06\/Noticias_Dressy-en-el-Salone-del-Mobile_Imagen-listado_564x564px.jpg","datePublished":"2022-06-20T10:01:39+00:00","dateModified":"2022-07-06T11:26:37+00:00","author":{"@id":"https:\/\/www.dressy.design\/es\/#\/schema\/person\/fdc4b4dd64f9776d0ac79036e2811272"},"breadcrumb":{"@id":"https:\/\/www.dressy.design\/es\/dressy-en-el-salone-internazionale-del-mobile-2022\/#breadcrumb"},"inLanguage":"es","potentialAction":[{"@type":"ReadAction","target":["https:\/\/www.dressy.design\/es\/dressy-en-el-salone-internazionale-del-mobile-2022\/"]}]},{"@type":"ImageObject","inLanguage":"es","@id":"https:\/\/www.dressy.design\/es\/dressy-en-el-salone-internazionale-del-mobile-2022\/#primaryimage","url":"https:\/\/www.dressy.design\/wp-content\/uploads\/2022\/06\/Noticias_Dressy-en-el-Salone-del-Mobile_Imagen-listado_564x564px.jpg","contentUrl":"https:\/\/www.dressy.design\/wp-content\/uploads\/2022\/06\/Noticias_Dressy-en-el-Salone-del-Mobile_Imagen-listado_564x564px.jpg","width":564,"height":564},{"@type":"BreadcrumbList","@id":"https:\/\/www.dressy.design\/es\/dressy-en-el-salone-internazionale-del-mobile-2022\/#breadcrumb","itemListElement":[{"@type":"ListItem","position":1,"name":"Portada","item":"https:\/\/www.dressy.design\/es\/"},{"@type":"ListItem","position":2,"name":"Dressy en el Salone Internazionale del Mobile 2022"}]},{"@type":"WebSite","@id":"https:\/\/www.dressy.design\/es\/#website","url":"https:\/\/www.dressy.design\/es\/","name":"Dressy","description":"Sillas y mesas de m\u00e1xima calidad y dise\u00f1o","potentialAction":[{"@type":"SearchAction","target":{"@type":"EntryPoint","urlTemplate":"https:\/\/www.dressy.design\/es\/?s={search_term_string}"},"query-input":{"@type":"PropertyValueSpecification","valueRequired":true,"valueName":"search_term_string"}}],"inLanguage":"es"},{"@type":"Person","@id":"https:\/\/www.dressy.design\/es\/#\/schema\/person\/fdc4b4dd64f9776d0ac79036e2811272","name":"Ferran","image":{"@type":"ImageObject","inLanguage":"es","@id":"https:\/\/secure.gravatar.com\/avatar\/bfd07f6c35243c7ec7cb3c1471b1047b5a0d91d02f03dd56b0ce01a25ad60cc5?s=96&d=mm&r=g","url":"https:\/\/secure.gravatar.com\/avatar\/bfd07f6c35243c7ec7cb3c1471b1047b5a0d91d02f03dd56b0ce01a25ad60cc5?s=96&d=mm&r=g","contentUrl":"https:\/\/secure.gravatar.com\/avatar\/bfd07f6c35243c7ec7cb3c1471b1047b5a0d91d02f03dd56b0ce01a25ad60cc5?s=96&d=mm&r=g","caption":"Ferran"},"url":"https:\/\/www.dressy.design\/es\/author\/ferran\/"}]}},"_links":{"self":[{"href":"https:\/\/www.dressy.design\/es\/wp-json\/wp\/v2\/posts\/6006","targetHints":{"allow":["GET"]}}],"collection":[{"href":"https:\/\/www.dressy.design\/es\/wp-json\/wp\/v2\/posts"}],"about":[{"href":"https:\/\/www.dressy.design\/es\/wp-json\/wp\/v2\/types\/post"}],"author":[{"embeddable":true,"href":"https:\/\/www.dressy.design\/es\/wp-json\/wp\/v2\/users\/5"}],"replies":[{"embeddable":true,"href":"https:\/\/www.dressy.design\/es\/wp-json\/wp\/v2\/comments?post=6006"}],"version-history":[{"count":4,"href":"https:\/\/www.dressy.design\/es\/wp-json\/wp\/v2\/posts\/6006\/revisions"}],"predecessor-version":[{"id":6119,"href":"https:\/\/www.dressy.design\/es\/wp-json\/wp\/v2\/posts\/6006\/revisions\/6119"}],"wp:featuredmedia":[{"embeddable":true,"href":"https:\/\/www.dressy.design\/es\/wp-json\/wp\/v2\/media\/6007"}],"wp:attachment":[{"href":"https:\/\/www.dressy.design\/es\/wp-json\/wp\/v2\/media?parent=6006"}],"wp:term":[{"taxonomy":"category","embeddable":true,"href":"https:\/\/www.dressy.design\/es\/wp-json\/wp\/v2\/categories?post=6006"},{"taxonomy":"post_tag","embeddable":true,"href":"https:\/\/www.dressy.design\/es\/wp-json\/wp\/v2\/tags?post=6006"}],"curies":[{"name":"wp","href":"https:\/\/api.w.org\/{rel}","templated":true}]}}