{"id":6656,"date":"2023-04-26T17:04:21","date_gmt":"2023-04-26T15:04:21","guid":{"rendered":"https:\/\/www.dressy.design\/?p=6656"},"modified":"2023-04-27T08:36:11","modified_gmt":"2023-04-27T06:36:11","slug":"enamorados-de-milan","status":"publish","type":"post","link":"https:\/\/www.dressy.design\/es\/enamorados-de-milan\/","title":{"rendered":"Enamorados de Mil\u00e1n"},"content":{"rendered":"\n\n\n<figure class=\"wp-block-image size-full\"><img loading=\"lazy\" decoding=\"async\" width=\"1128\" height=\"752\" src=\"https:\/\/www.dressy.design\/wp-content\/uploads\/2023\/04\/Dressy_Salonedelmobile2023-postferia_10.jpg\" alt=\"\" class=\"wp-image-6724\" srcset=\"https:\/\/www.dressy.design\/wp-content\/uploads\/2023\/04\/Dressy_Salonedelmobile2023-postferia_10.jpg 1128w, https:\/\/www.dressy.design\/wp-content\/uploads\/2023\/04\/Dressy_Salonedelmobile2023-postferia_10-150x100.jpg 150w, https:\/\/www.dressy.design\/wp-content\/uploads\/2023\/04\/Dressy_Salonedelmobile2023-postferia_10-768x512.jpg 768w, https:\/\/www.dressy.design\/wp-content\/uploads\/2023\/04\/Dressy_Salonedelmobile2023-postferia_10-300x200.jpg 300w, https:\/\/www.dressy.design\/wp-content\/uploads\/2023\/04\/Dressy_Salonedelmobile2023-postferia_10-600x400.jpg 600w\" sizes=\"auto, (max-width: 1128px) 100vw, 1128px\" \/><\/figure>\n\n\n\n<p><\/p>\n\n\n\n<p>Marcado en el calendario por todos los amantes y profesionales del dise\u00f1o, el Salone del Mobile re\u00fane a las firmas y dise\u00f1adores m\u00e1s importantes ofreciendo un escaparate abierto a todo el mundo. Caminar por sus salones significa respirar dise\u00f1o, vanguardia, tendencias\u2026 Sensaciones que transforman nuestras vidas. <\/p>\n\n\n\n<p>Dressy contribuye con una propuesta de gran valor plasmada en importantes novedades que vienen de la mano de los estudios de dise\u00f1o de Santiago Sevillano, Arnau y Reyna y Sergio Rochas.<\/p>\n\n\n\n<p>Echa un vistazo a las fotos y revive con nosotros la experiencia.<\/p>\n\n\n\n<figure class=\"wp-block-gallery has-nested-images columns-default is-cropped wp-block-gallery-1 is-layout-flex wp-block-gallery-is-layout-flex\">\n<figure class=\"wp-block-image size-full\"><img loading=\"lazy\" decoding=\"async\" width=\"1128\" height=\"752\" data-id=\"6688\" src=\"https:\/\/www.dressy.design\/wp-content\/uploads\/2023\/04\/Dressy_Salonedelmobile2023-postferia_01-2.jpg\" alt=\"\" class=\"wp-image-6688\" srcset=\"https:\/\/www.dressy.design\/wp-content\/uploads\/2023\/04\/Dressy_Salonedelmobile2023-postferia_01-2.jpg 1128w, https:\/\/www.dressy.design\/wp-content\/uploads\/2023\/04\/Dressy_Salonedelmobile2023-postferia_01-2-150x100.jpg 150w, https:\/\/www.dressy.design\/wp-content\/uploads\/2023\/04\/Dressy_Salonedelmobile2023-postferia_01-2-768x512.jpg 768w, https:\/\/www.dressy.design\/wp-content\/uploads\/2023\/04\/Dressy_Salonedelmobile2023-postferia_01-2-300x200.jpg 300w, https:\/\/www.dressy.design\/wp-content\/uploads\/2023\/04\/Dressy_Salonedelmobile2023-postferia_01-2-600x400.jpg 600w\" sizes=\"auto, (max-width: 1128px) 100vw, 1128px\" \/><\/figure>\n\n\n\n<figure class=\"wp-block-image size-large\"><img loading=\"lazy\" decoding=\"async\" width=\"375\" height=\"500\" data-id=\"6704\" src=\"https:\/\/www.dressy.design\/wp-content\/uploads\/2023\/04\/Dressy_Salonedelmobile2023-postferia_05.jpg\" alt=\"\" class=\"wp-image-6704\" srcset=\"https:\/\/www.dressy.design\/wp-content\/uploads\/2023\/04\/Dressy_Salonedelmobile2023-postferia_05.jpg 375w, https:\/\/www.dressy.design\/wp-content\/uploads\/2023\/04\/Dressy_Salonedelmobile2023-postferia_05-150x200.jpg 150w, https:\/\/www.dressy.design\/wp-content\/uploads\/2023\/04\/Dressy_Salonedelmobile2023-postferia_05-300x400.jpg 300w\" sizes=\"auto, (max-width: 375px) 100vw, 375px\" \/><\/figure>\n<\/figure>\n\n\n\n<div class=\"wp-block-group\"><div class=\"wp-block-group__inner-container is-layout-constrained wp-block-group-is-layout-constrained\">\n<figure class=\"wp-block-gallery has-nested-images columns-default is-cropped wp-block-gallery-2 is-layout-flex wp-block-gallery-is-layout-flex\">\n<figure class=\"wp-block-image size-large\"><img loading=\"lazy\" decoding=\"async\" width=\"375\" height=\"500\" data-id=\"6676\" src=\"https:\/\/www.dressy.design\/wp-content\/uploads\/2023\/04\/Dressy_Salonedelmobile2023-postferia_04.jpg\" alt=\"\" class=\"wp-image-6676\" srcset=\"https:\/\/www.dressy.design\/wp-content\/uploads\/2023\/04\/Dressy_Salonedelmobile2023-postferia_04.jpg 375w, https:\/\/www.dressy.design\/wp-content\/uploads\/2023\/04\/Dressy_Salonedelmobile2023-postferia_04-150x200.jpg 150w, https:\/\/www.dressy.design\/wp-content\/uploads\/2023\/04\/Dressy_Salonedelmobile2023-postferia_04-300x400.jpg 300w\" sizes=\"auto, (max-width: 375px) 100vw, 375px\" \/><\/figure>\n\n\n\n<figure class=\"wp-block-image size-large\"><img loading=\"lazy\" decoding=\"async\" width=\"375\" height=\"500\" data-id=\"6672\" src=\"https:\/\/www.dressy.design\/wp-content\/uploads\/2023\/04\/Dressy_Salonedelmobile2023-postferia_03.jpg\" alt=\"\" class=\"wp-image-6672\" srcset=\"https:\/\/www.dressy.design\/wp-content\/uploads\/2023\/04\/Dressy_Salonedelmobile2023-postferia_03.jpg 375w, https:\/\/www.dressy.design\/wp-content\/uploads\/2023\/04\/Dressy_Salonedelmobile2023-postferia_03-150x200.jpg 150w, https:\/\/www.dressy.design\/wp-content\/uploads\/2023\/04\/Dressy_Salonedelmobile2023-postferia_03-300x400.jpg 300w\" sizes=\"auto, (max-width: 375px) 100vw, 375px\" \/><\/figure>\n\n\n\n<figure class=\"wp-block-image size-large\"><img loading=\"lazy\" decoding=\"async\" width=\"375\" height=\"500\" data-id=\"6716\" src=\"https:\/\/www.dressy.design\/wp-content\/uploads\/2023\/04\/Dressy_Salonedelmobile2023-postferia_08.jpg\" alt=\"\" class=\"wp-image-6716\" srcset=\"https:\/\/www.dressy.design\/wp-content\/uploads\/2023\/04\/Dressy_Salonedelmobile2023-postferia_08.jpg 375w, https:\/\/www.dressy.design\/wp-content\/uploads\/2023\/04\/Dressy_Salonedelmobile2023-postferia_08-150x200.jpg 150w, https:\/\/www.dressy.design\/wp-content\/uploads\/2023\/04\/Dressy_Salonedelmobile2023-postferia_08-300x400.jpg 300w\" sizes=\"auto, (max-width: 375px) 100vw, 375px\" \/><\/figure>\n\n\n\n<figure class=\"wp-block-image size-full\"><img loading=\"lazy\" decoding=\"async\" width=\"1128\" height=\"752\" data-id=\"6756\" src=\"https:\/\/www.dressy.design\/wp-content\/uploads\/2023\/04\/Dressy_Salonedelmobile2023-postferia_02-3.jpg\" alt=\"\" class=\"wp-image-6756\" srcset=\"https:\/\/www.dressy.design\/wp-content\/uploads\/2023\/04\/Dressy_Salonedelmobile2023-postferia_02-3.jpg 1128w, https:\/\/www.dressy.design\/wp-content\/uploads\/2023\/04\/Dressy_Salonedelmobile2023-postferia_02-3-150x100.jpg 150w, https:\/\/www.dressy.design\/wp-content\/uploads\/2023\/04\/Dressy_Salonedelmobile2023-postferia_02-3-768x512.jpg 768w, https:\/\/www.dressy.design\/wp-content\/uploads\/2023\/04\/Dressy_Salonedelmobile2023-postferia_02-3-300x200.jpg 300w, https:\/\/www.dressy.design\/wp-content\/uploads\/2023\/04\/Dressy_Salonedelmobile2023-postferia_02-3-600x400.jpg 600w\" sizes=\"auto, (max-width: 1128px) 100vw, 1128px\" \/><\/figure>\n<\/figure>\n<\/div><\/div>\n","protected":false},"excerpt":{"rendered":"<p>Marcado en el calendario por todos los amantes y profesionales del dise\u00f1o, el Salone del Mobile re\u00fane a las firmas y dise\u00f1adores m\u00e1s importantes ofreciendo un escaparate abierto a todo el mundo. <\/p>\n","protected":false},"author":5,"featured_media":6740,"comment_status":"closed","ping_status":"closed","sticky":false,"template":"","format":"standard","meta":{"_acf_changed":false,"footnotes":""},"categories":[1,34],"tags":[178],"class_list":["post-6656","post","type-post","status-publish","format-standard","has-post-thumbnail","hentry","category-noticias-home","category-noticias","tag-diseno-milan-salonedelmobile-interiorismo-mobiliario-novedades"],"acf":[],"yoast_head":"<!-- This site is optimized with the Yoast SEO plugin v27.2 - https:\/\/yoast.com\/product\/yoast-seo-wordpress\/ -->\n<title>Enamorados de Mil\u00e1n | Dressy<\/title>\n<meta name=\"description\" content=\"Marcado en el calendario por todos los amantes y profesionales del dise\u00f1o, el Salone del Mobile re\u00fane a las firmas y dise\u00f1adores m\u00e1s importantes ofreciendo un escaparate abierto a todo el mundo.\" \/>\n<meta name=\"robots\" content=\"index, follow, max-snippet:-1, max-image-preview:large, max-video-preview:-1\" \/>\n<link rel=\"canonical\" href=\"https:\/\/www.dressy.design\/es\/enamorados-de-milan\/\" \/>\n<meta property=\"og:locale\" content=\"es_ES\" \/>\n<meta property=\"og:type\" content=\"article\" \/>\n<meta property=\"og:title\" content=\"Enamorados de Mil\u00e1n | Dressy\" \/>\n<meta property=\"og:description\" content=\"Marcado en el calendario por todos los amantes y profesionales del dise\u00f1o, el Salone del Mobile re\u00fane a las firmas y dise\u00f1adores m\u00e1s importantes ofreciendo un escaparate abierto a todo el mundo.\" \/>\n<meta property=\"og:url\" content=\"https:\/\/www.dressy.design\/es\/enamorados-de-milan\/\" \/>\n<meta property=\"og:site_name\" content=\"Dressy\" \/>\n<meta property=\"article:published_time\" content=\"2023-04-26T15:04:21+00:00\" \/>\n<meta property=\"article:modified_time\" content=\"2023-04-27T06:36:11+00:00\" \/>\n<meta property=\"og:image\" content=\"https:\/\/www.dressy.design\/wp-content\/uploads\/2023\/04\/Dressy_Salonedelmobile2023-postferia_LISTADO.jpg\" \/>\n\t<meta property=\"og:image:width\" content=\"564\" \/>\n\t<meta property=\"og:image:height\" content=\"564\" \/>\n\t<meta property=\"og:image:type\" content=\"image\/jpeg\" \/>\n<meta name=\"author\" content=\"Ferran\" \/>\n<meta name=\"twitter:card\" content=\"summary_large_image\" \/>\n<meta name=\"twitter:label1\" content=\"Escrito por\" \/>\n\t<meta name=\"twitter:data1\" content=\"Ferran\" \/>\n\t<meta name=\"twitter:label2\" content=\"Tiempo de lectura\" \/>\n\t<meta name=\"twitter:data2\" content=\"2 minutos\" \/>\n<script type=\"application\/ld+json\" class=\"yoast-schema-graph\">{\"@context\":\"https:\/\/schema.org\",\"@graph\":[{\"@type\":\"Article\",\"@id\":\"https:\/\/www.dressy.design\/es\/enamorados-de-milan\/#article\",\"isPartOf\":{\"@id\":\"https:\/\/www.dressy.design\/es\/enamorados-de-milan\/\"},\"author\":{\"name\":\"Ferran\",\"@id\":\"https:\/\/www.dressy.design\/es\/#\/schema\/person\/fdc4b4dd64f9776d0ac79036e2811272\"},\"headline\":\"Enamorados de Mil\u00e1n\",\"datePublished\":\"2023-04-26T15:04:21+00:00\",\"dateModified\":\"2023-04-27T06:36:11+00:00\",\"mainEntityOfPage\":{\"@id\":\"https:\/\/www.dressy.design\/es\/enamorados-de-milan\/\"},\"wordCount\":99,\"image\":{\"@id\":\"https:\/\/www.dressy.design\/es\/enamorados-de-milan\/#primaryimage\"},\"thumbnailUrl\":\"https:\/\/www.dressy.design\/wp-content\/uploads\/2023\/04\/Dressy_Salonedelmobile2023-postferia_LISTADO.jpg\",\"keywords\":[\"dise\u00f1o milan salonedelmobile interiorismo mobiliario novedades\"],\"articleSection\":[\"Home\",\"Noticias\"],\"inLanguage\":\"es\"},{\"@type\":\"WebPage\",\"@id\":\"https:\/\/www.dressy.design\/es\/enamorados-de-milan\/\",\"url\":\"https:\/\/www.dressy.design\/es\/enamorados-de-milan\/\",\"name\":\"Enamorados de Mil\u00e1n | Dressy\",\"isPartOf\":{\"@id\":\"https:\/\/www.dressy.design\/es\/#website\"},\"primaryImageOfPage\":{\"@id\":\"https:\/\/www.dressy.design\/es\/enamorados-de-milan\/#primaryimage\"},\"image\":{\"@id\":\"https:\/\/www.dressy.design\/es\/enamorados-de-milan\/#primaryimage\"},\"thumbnailUrl\":\"https:\/\/www.dressy.design\/wp-content\/uploads\/2023\/04\/Dressy_Salonedelmobile2023-postferia_LISTADO.jpg\",\"datePublished\":\"2023-04-26T15:04:21+00:00\",\"dateModified\":\"2023-04-27T06:36:11+00:00\",\"author\":{\"@id\":\"https:\/\/www.dressy.design\/es\/#\/schema\/person\/fdc4b4dd64f9776d0ac79036e2811272\"},\"description\":\"Marcado en el calendario por todos los amantes y profesionales del dise\u00f1o, el Salone del Mobile re\u00fane a las firmas y dise\u00f1adores m\u00e1s importantes ofreciendo un escaparate abierto a todo el mundo.\",\"breadcrumb\":{\"@id\":\"https:\/\/www.dressy.design\/es\/enamorados-de-milan\/#breadcrumb\"},\"inLanguage\":\"es\",\"potentialAction\":[{\"@type\":\"ReadAction\",\"target\":[\"https:\/\/www.dressy.design\/es\/enamorados-de-milan\/\"]}]},{\"@type\":\"ImageObject\",\"inLanguage\":\"es\",\"@id\":\"https:\/\/www.dressy.design\/es\/enamorados-de-milan\/#primaryimage\",\"url\":\"https:\/\/www.dressy.design\/wp-content\/uploads\/2023\/04\/Dressy_Salonedelmobile2023-postferia_LISTADO.jpg\",\"contentUrl\":\"https:\/\/www.dressy.design\/wp-content\/uploads\/2023\/04\/Dressy_Salonedelmobile2023-postferia_LISTADO.jpg\",\"width\":564,\"height\":564},{\"@type\":\"BreadcrumbList\",\"@id\":\"https:\/\/www.dressy.design\/es\/enamorados-de-milan\/#breadcrumb\",\"itemListElement\":[{\"@type\":\"ListItem\",\"position\":1,\"name\":\"Portada\",\"item\":\"https:\/\/www.dressy.design\/es\/\"},{\"@type\":\"ListItem\",\"position\":2,\"name\":\"Enamorados de Mil\u00e1n\"}]},{\"@type\":\"WebSite\",\"@id\":\"https:\/\/www.dressy.design\/es\/#website\",\"url\":\"https:\/\/www.dressy.design\/es\/\",\"name\":\"Dressy\",\"description\":\"Sillas y mesas de m\u00e1xima calidad y dise\u00f1o\",\"potentialAction\":[{\"@type\":\"SearchAction\",\"target\":{\"@type\":\"EntryPoint\",\"urlTemplate\":\"https:\/\/www.dressy.design\/es\/?s={search_term_string}\"},\"query-input\":{\"@type\":\"PropertyValueSpecification\",\"valueRequired\":true,\"valueName\":\"search_term_string\"}}],\"inLanguage\":\"es\"},{\"@type\":\"Person\",\"@id\":\"https:\/\/www.dressy.design\/es\/#\/schema\/person\/fdc4b4dd64f9776d0ac79036e2811272\",\"name\":\"Ferran\",\"image\":{\"@type\":\"ImageObject\",\"inLanguage\":\"es\",\"@id\":\"https:\/\/secure.gravatar.com\/avatar\/bfd07f6c35243c7ec7cb3c1471b1047b5a0d91d02f03dd56b0ce01a25ad60cc5?s=96&d=mm&r=g\",\"url\":\"https:\/\/secure.gravatar.com\/avatar\/bfd07f6c35243c7ec7cb3c1471b1047b5a0d91d02f03dd56b0ce01a25ad60cc5?s=96&d=mm&r=g\",\"contentUrl\":\"https:\/\/secure.gravatar.com\/avatar\/bfd07f6c35243c7ec7cb3c1471b1047b5a0d91d02f03dd56b0ce01a25ad60cc5?s=96&d=mm&r=g\",\"caption\":\"Ferran\"},\"url\":\"https:\/\/www.dressy.design\/es\/author\/ferran\/\"}]}<\/script>\n<!-- \/ Yoast SEO plugin. -->","yoast_head_json":{"title":"Enamorados de Mil\u00e1n | Dressy","description":"Marcado en el calendario por todos los amantes y profesionales del dise\u00f1o, el Salone del Mobile re\u00fane a las firmas y dise\u00f1adores m\u00e1s importantes ofreciendo un escaparate abierto a todo el mundo.","robots":{"index":"index","follow":"follow","max-snippet":"max-snippet:-1","max-image-preview":"max-image-preview:large","max-video-preview":"max-video-preview:-1"},"canonical":"https:\/\/www.dressy.design\/es\/enamorados-de-milan\/","og_locale":"es_ES","og_type":"article","og_title":"Enamorados de Mil\u00e1n | Dressy","og_description":"Marcado en el calendario por todos los amantes y profesionales del dise\u00f1o, el Salone del Mobile re\u00fane a las firmas y dise\u00f1adores m\u00e1s importantes ofreciendo un escaparate abierto a todo el mundo.","og_url":"https:\/\/www.dressy.design\/es\/enamorados-de-milan\/","og_site_name":"Dressy","article_published_time":"2023-04-26T15:04:21+00:00","article_modified_time":"2023-04-27T06:36:11+00:00","og_image":[{"width":564,"height":564,"url":"https:\/\/www.dressy.design\/wp-content\/uploads\/2023\/04\/Dressy_Salonedelmobile2023-postferia_LISTADO.jpg","type":"image\/jpeg"}],"author":"Ferran","twitter_card":"summary_large_image","twitter_misc":{"Escrito por":"Ferran","Tiempo de lectura":"2 minutos"},"schema":{"@context":"https:\/\/schema.org","@graph":[{"@type":"Article","@id":"https:\/\/www.dressy.design\/es\/enamorados-de-milan\/#article","isPartOf":{"@id":"https:\/\/www.dressy.design\/es\/enamorados-de-milan\/"},"author":{"name":"Ferran","@id":"https:\/\/www.dressy.design\/es\/#\/schema\/person\/fdc4b4dd64f9776d0ac79036e2811272"},"headline":"Enamorados de Mil\u00e1n","datePublished":"2023-04-26T15:04:21+00:00","dateModified":"2023-04-27T06:36:11+00:00","mainEntityOfPage":{"@id":"https:\/\/www.dressy.design\/es\/enamorados-de-milan\/"},"wordCount":99,"image":{"@id":"https:\/\/www.dressy.design\/es\/enamorados-de-milan\/#primaryimage"},"thumbnailUrl":"https:\/\/www.dressy.design\/wp-content\/uploads\/2023\/04\/Dressy_Salonedelmobile2023-postferia_LISTADO.jpg","keywords":["dise\u00f1o milan salonedelmobile interiorismo mobiliario novedades"],"articleSection":["Home","Noticias"],"inLanguage":"es"},{"@type":"WebPage","@id":"https:\/\/www.dressy.design\/es\/enamorados-de-milan\/","url":"https:\/\/www.dressy.design\/es\/enamorados-de-milan\/","name":"Enamorados de Mil\u00e1n | Dressy","isPartOf":{"@id":"https:\/\/www.dressy.design\/es\/#website"},"primaryImageOfPage":{"@id":"https:\/\/www.dressy.design\/es\/enamorados-de-milan\/#primaryimage"},"image":{"@id":"https:\/\/www.dressy.design\/es\/enamorados-de-milan\/#primaryimage"},"thumbnailUrl":"https:\/\/www.dressy.design\/wp-content\/uploads\/2023\/04\/Dressy_Salonedelmobile2023-postferia_LISTADO.jpg","datePublished":"2023-04-26T15:04:21+00:00","dateModified":"2023-04-27T06:36:11+00:00","author":{"@id":"https:\/\/www.dressy.design\/es\/#\/schema\/person\/fdc4b4dd64f9776d0ac79036e2811272"},"description":"Marcado en el calendario por todos los amantes y profesionales del dise\u00f1o, el Salone del Mobile re\u00fane a las firmas y dise\u00f1adores m\u00e1s importantes ofreciendo un escaparate abierto a todo el mundo.","breadcrumb":{"@id":"https:\/\/www.dressy.design\/es\/enamorados-de-milan\/#breadcrumb"},"inLanguage":"es","potentialAction":[{"@type":"ReadAction","target":["https:\/\/www.dressy.design\/es\/enamorados-de-milan\/"]}]},{"@type":"ImageObject","inLanguage":"es","@id":"https:\/\/www.dressy.design\/es\/enamorados-de-milan\/#primaryimage","url":"https:\/\/www.dressy.design\/wp-content\/uploads\/2023\/04\/Dressy_Salonedelmobile2023-postferia_LISTADO.jpg","contentUrl":"https:\/\/www.dressy.design\/wp-content\/uploads\/2023\/04\/Dressy_Salonedelmobile2023-postferia_LISTADO.jpg","width":564,"height":564},{"@type":"BreadcrumbList","@id":"https:\/\/www.dressy.design\/es\/enamorados-de-milan\/#breadcrumb","itemListElement":[{"@type":"ListItem","position":1,"name":"Portada","item":"https:\/\/www.dressy.design\/es\/"},{"@type":"ListItem","position":2,"name":"Enamorados de Mil\u00e1n"}]},{"@type":"WebSite","@id":"https:\/\/www.dressy.design\/es\/#website","url":"https:\/\/www.dressy.design\/es\/","name":"Dressy","description":"Sillas y mesas de m\u00e1xima calidad y dise\u00f1o","potentialAction":[{"@type":"SearchAction","target":{"@type":"EntryPoint","urlTemplate":"https:\/\/www.dressy.design\/es\/?s={search_term_string}"},"query-input":{"@type":"PropertyValueSpecification","valueRequired":true,"valueName":"search_term_string"}}],"inLanguage":"es"},{"@type":"Person","@id":"https:\/\/www.dressy.design\/es\/#\/schema\/person\/fdc4b4dd64f9776d0ac79036e2811272","name":"Ferran","image":{"@type":"ImageObject","inLanguage":"es","@id":"https:\/\/secure.gravatar.com\/avatar\/bfd07f6c35243c7ec7cb3c1471b1047b5a0d91d02f03dd56b0ce01a25ad60cc5?s=96&d=mm&r=g","url":"https:\/\/secure.gravatar.com\/avatar\/bfd07f6c35243c7ec7cb3c1471b1047b5a0d91d02f03dd56b0ce01a25ad60cc5?s=96&d=mm&r=g","contentUrl":"https:\/\/secure.gravatar.com\/avatar\/bfd07f6c35243c7ec7cb3c1471b1047b5a0d91d02f03dd56b0ce01a25ad60cc5?s=96&d=mm&r=g","caption":"Ferran"},"url":"https:\/\/www.dressy.design\/es\/author\/ferran\/"}]}},"_links":{"self":[{"href":"https:\/\/www.dressy.design\/es\/wp-json\/wp\/v2\/posts\/6656","targetHints":{"allow":["GET"]}}],"collection":[{"href":"https:\/\/www.dressy.design\/es\/wp-json\/wp\/v2\/posts"}],"about":[{"href":"https:\/\/www.dressy.design\/es\/wp-json\/wp\/v2\/types\/post"}],"author":[{"embeddable":true,"href":"https:\/\/www.dressy.design\/es\/wp-json\/wp\/v2\/users\/5"}],"replies":[{"embeddable":true,"href":"https:\/\/www.dressy.design\/es\/wp-json\/wp\/v2\/comments?post=6656"}],"version-history":[{"count":3,"href":"https:\/\/www.dressy.design\/es\/wp-json\/wp\/v2\/posts\/6656\/revisions"}],"predecessor-version":[{"id":6760,"href":"https:\/\/www.dressy.design\/es\/wp-json\/wp\/v2\/posts\/6656\/revisions\/6760"}],"wp:featuredmedia":[{"embeddable":true,"href":"https:\/\/www.dressy.design\/es\/wp-json\/wp\/v2\/media\/6740"}],"wp:attachment":[{"href":"https:\/\/www.dressy.design\/es\/wp-json\/wp\/v2\/media?parent=6656"}],"wp:term":[{"taxonomy":"category","embeddable":true,"href":"https:\/\/www.dressy.design\/es\/wp-json\/wp\/v2\/categories?post=6656"},{"taxonomy":"post_tag","embeddable":true,"href":"https:\/\/www.dressy.design\/es\/wp-json\/wp\/v2\/tags?post=6656"}],"curies":[{"name":"wp","href":"https:\/\/api.w.org\/{rel}","templated":true}]}}