{"id":6922,"date":"2023-10-19T11:12:07","date_gmt":"2023-10-19T09:12:07","guid":{"rendered":"https:\/\/www.dressy.design\/?p=6922"},"modified":"2023-10-19T12:53:39","modified_gmt":"2023-10-19T10:53:39","slug":"espritmeuble-paris-2023","status":"publish","type":"post","link":"https:\/\/www.dressy.design\/es\/espritmeuble-paris-2023\/","title":{"rendered":"Espritmeuble 2023"},"content":{"rendered":"\n\n\n<figure class=\"wp-block-image size-full\"><img loading=\"lazy\" decoding=\"async\" width=\"1128\" height=\"752\" src=\"https:\/\/www.dressy.design\/wp-content\/uploads\/2023\/10\/Dressy_Espritmeuble_principal-1.jpg\" alt=\"\" class=\"wp-image-6927\" srcset=\"https:\/\/www.dressy.design\/wp-content\/uploads\/2023\/10\/Dressy_Espritmeuble_principal-1.jpg 1128w, https:\/\/www.dressy.design\/wp-content\/uploads\/2023\/10\/Dressy_Espritmeuble_principal-1-150x100.jpg 150w, https:\/\/www.dressy.design\/wp-content\/uploads\/2023\/10\/Dressy_Espritmeuble_principal-1-768x512.jpg 768w, https:\/\/www.dressy.design\/wp-content\/uploads\/2023\/10\/Dressy_Espritmeuble_principal-1-300x200.jpg 300w, https:\/\/www.dressy.design\/wp-content\/uploads\/2023\/10\/Dressy_Espritmeuble_principal-1-600x400.jpg 600w\" sizes=\"auto, (max-width: 1128px) 100vw, 1128px\" \/><\/figure>\n\n\n\n<div style=\"height:30px\" aria-hidden=\"true\" class=\"wp-block-spacer\"><\/div>\n\n\n\n<p>Este noviembre Dressy celebrar\u00e1 sus 10 a\u00f1os de historia en <strong>Espritmeuble Paris<\/strong>, donde fue presentada por primera vez en el a\u00f1o 2013. Del 18 al 21 tendr\u00e9is la oportunidad de hacer un recorrido por la historia de la marca recordando y\/o descubriendo todos los modelos que han construido Dressy. Desde las primeras colecciones de sillas Marais, Ara y Taiga hasta la colecci\u00f3n de asientos Nubo. Desde la mesa extensible Duero hasta la mesa de pata de madera Bertiz. Productos excelentes que sin importar el a\u00f1o de presentaci\u00f3n tienen un denominador com\u00fan: la calidad de sus acabados.<\/p>\n\n\n\n<p>Os invitamos a celebrar con nosotros estos 10 a\u00f1os. Estaremos en el <strong>Hall 01 | Stand H30<\/strong>. \u00a1Esperamos verte!<\/p>\n\n\n\n<div style=\"height:30px\" aria-hidden=\"true\" class=\"wp-block-spacer\"><\/div>\n\n\n\n<div class=\"wp-block-group\"><div class=\"wp-block-group__inner-container is-layout-constrained wp-block-group-is-layout-constrained\">\n<figure class=\"wp-block-gallery has-nested-images columns-default is-cropped wp-block-gallery-1 is-layout-flex wp-block-gallery-is-layout-flex\">\n<figure class=\"wp-block-image size-full\"><img loading=\"lazy\" decoding=\"async\" width=\"988\" height=\"1200\" data-id=\"5245\" src=\"https:\/\/www.dressy.design\/wp-content\/uploads\/2022\/05\/Stay-Descargas-imagen.jpg\" alt=\"\" class=\"wp-image-5245\" srcset=\"https:\/\/www.dressy.design\/wp-content\/uploads\/2022\/05\/Stay-Descargas-imagen.jpg 988w, https:\/\/www.dressy.design\/wp-content\/uploads\/2022\/05\/Stay-Descargas-imagen-150x182.jpg 150w, https:\/\/www.dressy.design\/wp-content\/uploads\/2022\/05\/Stay-Descargas-imagen-768x933.jpg 768w, https:\/\/www.dressy.design\/wp-content\/uploads\/2022\/05\/Stay-Descargas-imagen-300x364.jpg 300w, https:\/\/www.dressy.design\/wp-content\/uploads\/2022\/05\/Stay-Descargas-imagen-600x729.jpg 600w\" sizes=\"auto, (max-width: 988px) 100vw, 988px\" \/><\/figure>\n\n\n\n<figure class=\"wp-block-image size-full\"><img loading=\"lazy\" decoding=\"async\" width=\"988\" height=\"1200\" data-id=\"5289\" src=\"https:\/\/www.dressy.design\/wp-content\/uploads\/2022\/05\/Lugga-Descargas-imagen.jpg\" alt=\"\" class=\"wp-image-5289\" srcset=\"https:\/\/www.dressy.design\/wp-content\/uploads\/2022\/05\/Lugga-Descargas-imagen.jpg 988w, https:\/\/www.dressy.design\/wp-content\/uploads\/2022\/05\/Lugga-Descargas-imagen-150x182.jpg 150w, https:\/\/www.dressy.design\/wp-content\/uploads\/2022\/05\/Lugga-Descargas-imagen-768x933.jpg 768w, https:\/\/www.dressy.design\/wp-content\/uploads\/2022\/05\/Lugga-Descargas-imagen-300x364.jpg 300w, https:\/\/www.dressy.design\/wp-content\/uploads\/2022\/05\/Lugga-Descargas-imagen-600x729.jpg 600w\" sizes=\"auto, (max-width: 988px) 100vw, 988px\" \/><\/figure>\n<\/figure>\n<\/div><\/div>\n\n\n\n<figure class=\"wp-block-gallery has-nested-images columns-default is-cropped wp-block-gallery-2 is-layout-flex wp-block-gallery-is-layout-flex\">\n<figure class=\"wp-block-image size-large\"><img loading=\"lazy\" decoding=\"async\" width=\"1270\" height=\"800\" data-id=\"1984\" src=\"https:\/\/www.dressy.design\/wp-content\/uploads\/2021\/11\/Mesa-Parker_Galeria_01.webp\" alt=\"\" class=\"wp-image-1984\" srcset=\"https:\/\/www.dressy.design\/wp-content\/uploads\/2021\/11\/Mesa-Parker_Galeria_01.webp 1270w, https:\/\/www.dressy.design\/wp-content\/uploads\/2021\/11\/Mesa-Parker_Galeria_01-150x94.webp 150w, https:\/\/www.dressy.design\/wp-content\/uploads\/2021\/11\/Mesa-Parker_Galeria_01-768x484.webp 768w, https:\/\/www.dressy.design\/wp-content\/uploads\/2021\/11\/Mesa-Parker_Galeria_01-50x31.webp 50w, https:\/\/www.dressy.design\/wp-content\/uploads\/2021\/11\/Mesa-Parker_Galeria_01-100x63.webp 100w, https:\/\/www.dressy.design\/wp-content\/uploads\/2021\/11\/Mesa-Parker_Galeria_01-300x189.webp 300w, https:\/\/www.dressy.design\/wp-content\/uploads\/2021\/11\/Mesa-Parker_Galeria_01-600x378.webp 600w\" sizes=\"auto, (max-width: 1270px) 100vw, 1270px\" \/><\/figure>\n<\/figure>\n","protected":false},"excerpt":{"rendered":"<p>Este noviembre Dressy celebrar\u00e1 sus 10 a\u00f1os de historia en Espritmeuble Paris, donde fue presentada por primera vez en el a\u00f1o 2013.<\/p>\n","protected":false},"author":5,"featured_media":6931,"comment_status":"closed","ping_status":"closed","sticky":false,"template":"","format":"standard","meta":{"_acf_changed":false,"footnotes":""},"categories":[1,34],"tags":[158,176,166,272,167,157,171],"class_list":["post-6922","post","type-post","status-publish","format-standard","has-post-thumbnail","hentry","category-noticias-home","category-noticias","tag-diseno","tag-dressy","tag-espritmeuble","tag-eventos","tag-feria","tag-interiorismo","tag-mobiliario"],"acf":[],"yoast_head":"<!-- This site is optimized with the Yoast SEO plugin v27.2 - https:\/\/yoast.com\/product\/yoast-seo-wordpress\/ -->\n<title>Espritmeuble 2023 | Dressy<\/title>\n<meta name=\"robots\" content=\"index, follow, max-snippet:-1, max-image-preview:large, max-video-preview:-1\" \/>\n<link rel=\"canonical\" href=\"https:\/\/www.dressy.design\/es\/espritmeuble-paris-2023\/\" \/>\n<meta property=\"og:locale\" content=\"es_ES\" \/>\n<meta property=\"og:type\" content=\"article\" \/>\n<meta property=\"og:title\" content=\"Espritmeuble 2023 | Dressy\" \/>\n<meta property=\"og:description\" content=\"Este noviembre Dressy celebrar\u00e1 sus 10 a\u00f1os de historia en Espritmeuble Paris, donde fue presentada por primera vez en el a\u00f1o 2013.\" \/>\n<meta property=\"og:url\" content=\"https:\/\/www.dressy.design\/es\/espritmeuble-paris-2023\/\" \/>\n<meta property=\"og:site_name\" content=\"Dressy\" \/>\n<meta property=\"article:published_time\" content=\"2023-10-19T09:12:07+00:00\" \/>\n<meta property=\"article:modified_time\" content=\"2023-10-19T10:53:39+00:00\" \/>\n<meta property=\"og:image\" content=\"https:\/\/www.dressy.design\/wp-content\/uploads\/2023\/10\/Dressy_Espritmeuble_list.jpg\" \/>\n\t<meta property=\"og:image:width\" content=\"564\" \/>\n\t<meta property=\"og:image:height\" content=\"564\" \/>\n\t<meta property=\"og:image:type\" content=\"image\/jpeg\" \/>\n<meta name=\"author\" content=\"Ferran\" \/>\n<meta name=\"twitter:card\" content=\"summary_large_image\" \/>\n<meta name=\"twitter:label1\" content=\"Escrito por\" \/>\n\t<meta name=\"twitter:data1\" content=\"Ferran\" \/>\n\t<meta name=\"twitter:label2\" content=\"Tiempo de lectura\" \/>\n\t<meta name=\"twitter:data2\" content=\"1 minuto\" \/>\n<script type=\"application\/ld+json\" class=\"yoast-schema-graph\">{\"@context\":\"https:\/\/schema.org\",\"@graph\":[{\"@type\":\"Article\",\"@id\":\"https:\/\/www.dressy.design\/es\/espritmeuble-paris-2023\/#article\",\"isPartOf\":{\"@id\":\"https:\/\/www.dressy.design\/es\/espritmeuble-paris-2023\/\"},\"author\":{\"name\":\"Ferran\",\"@id\":\"https:\/\/www.dressy.design\/es\/#\/schema\/person\/fdc4b4dd64f9776d0ac79036e2811272\"},\"headline\":\"Espritmeuble 2023\",\"datePublished\":\"2023-10-19T09:12:07+00:00\",\"dateModified\":\"2023-10-19T10:53:39+00:00\",\"mainEntityOfPage\":{\"@id\":\"https:\/\/www.dressy.design\/es\/espritmeuble-paris-2023\/\"},\"wordCount\":118,\"image\":{\"@id\":\"https:\/\/www.dressy.design\/es\/espritmeuble-paris-2023\/#primaryimage\"},\"thumbnailUrl\":\"https:\/\/www.dressy.design\/wp-content\/uploads\/2023\/10\/Dressy_Espritmeuble_list.jpg\",\"keywords\":[\"dise\u00f1o\",\"dressy\",\"Espritmeuble\",\"Eventos\",\"feria\",\"interiorismo\",\"mobiliario\"],\"articleSection\":[\"Home\",\"Noticias\"],\"inLanguage\":\"es\"},{\"@type\":\"WebPage\",\"@id\":\"https:\/\/www.dressy.design\/es\/espritmeuble-paris-2023\/\",\"url\":\"https:\/\/www.dressy.design\/es\/espritmeuble-paris-2023\/\",\"name\":\"Espritmeuble 2023 | Dressy\",\"isPartOf\":{\"@id\":\"https:\/\/www.dressy.design\/es\/#website\"},\"primaryImageOfPage\":{\"@id\":\"https:\/\/www.dressy.design\/es\/espritmeuble-paris-2023\/#primaryimage\"},\"image\":{\"@id\":\"https:\/\/www.dressy.design\/es\/espritmeuble-paris-2023\/#primaryimage\"},\"thumbnailUrl\":\"https:\/\/www.dressy.design\/wp-content\/uploads\/2023\/10\/Dressy_Espritmeuble_list.jpg\",\"datePublished\":\"2023-10-19T09:12:07+00:00\",\"dateModified\":\"2023-10-19T10:53:39+00:00\",\"author\":{\"@id\":\"https:\/\/www.dressy.design\/es\/#\/schema\/person\/fdc4b4dd64f9776d0ac79036e2811272\"},\"breadcrumb\":{\"@id\":\"https:\/\/www.dressy.design\/es\/espritmeuble-paris-2023\/#breadcrumb\"},\"inLanguage\":\"es\",\"potentialAction\":[{\"@type\":\"ReadAction\",\"target\":[\"https:\/\/www.dressy.design\/es\/espritmeuble-paris-2023\/\"]}]},{\"@type\":\"ImageObject\",\"inLanguage\":\"es\",\"@id\":\"https:\/\/www.dressy.design\/es\/espritmeuble-paris-2023\/#primaryimage\",\"url\":\"https:\/\/www.dressy.design\/wp-content\/uploads\/2023\/10\/Dressy_Espritmeuble_list.jpg\",\"contentUrl\":\"https:\/\/www.dressy.design\/wp-content\/uploads\/2023\/10\/Dressy_Espritmeuble_list.jpg\",\"width\":564,\"height\":564},{\"@type\":\"BreadcrumbList\",\"@id\":\"https:\/\/www.dressy.design\/es\/espritmeuble-paris-2023\/#breadcrumb\",\"itemListElement\":[{\"@type\":\"ListItem\",\"position\":1,\"name\":\"Portada\",\"item\":\"https:\/\/www.dressy.design\/es\/\"},{\"@type\":\"ListItem\",\"position\":2,\"name\":\"Espritmeuble 2023\"}]},{\"@type\":\"WebSite\",\"@id\":\"https:\/\/www.dressy.design\/es\/#website\",\"url\":\"https:\/\/www.dressy.design\/es\/\",\"name\":\"Dressy\",\"description\":\"Sillas y mesas de m\u00e1xima calidad y dise\u00f1o\",\"potentialAction\":[{\"@type\":\"SearchAction\",\"target\":{\"@type\":\"EntryPoint\",\"urlTemplate\":\"https:\/\/www.dressy.design\/es\/?s={search_term_string}\"},\"query-input\":{\"@type\":\"PropertyValueSpecification\",\"valueRequired\":true,\"valueName\":\"search_term_string\"}}],\"inLanguage\":\"es\"},{\"@type\":\"Person\",\"@id\":\"https:\/\/www.dressy.design\/es\/#\/schema\/person\/fdc4b4dd64f9776d0ac79036e2811272\",\"name\":\"Ferran\",\"image\":{\"@type\":\"ImageObject\",\"inLanguage\":\"es\",\"@id\":\"https:\/\/secure.gravatar.com\/avatar\/bfd07f6c35243c7ec7cb3c1471b1047b5a0d91d02f03dd56b0ce01a25ad60cc5?s=96&d=mm&r=g\",\"url\":\"https:\/\/secure.gravatar.com\/avatar\/bfd07f6c35243c7ec7cb3c1471b1047b5a0d91d02f03dd56b0ce01a25ad60cc5?s=96&d=mm&r=g\",\"contentUrl\":\"https:\/\/secure.gravatar.com\/avatar\/bfd07f6c35243c7ec7cb3c1471b1047b5a0d91d02f03dd56b0ce01a25ad60cc5?s=96&d=mm&r=g\",\"caption\":\"Ferran\"},\"url\":\"https:\/\/www.dressy.design\/es\/author\/ferran\/\"}]}<\/script>\n<!-- \/ Yoast SEO plugin. -->","yoast_head_json":{"title":"Espritmeuble 2023 | Dressy","robots":{"index":"index","follow":"follow","max-snippet":"max-snippet:-1","max-image-preview":"max-image-preview:large","max-video-preview":"max-video-preview:-1"},"canonical":"https:\/\/www.dressy.design\/es\/espritmeuble-paris-2023\/","og_locale":"es_ES","og_type":"article","og_title":"Espritmeuble 2023 | Dressy","og_description":"Este noviembre Dressy celebrar\u00e1 sus 10 a\u00f1os de historia en Espritmeuble Paris, donde fue presentada por primera vez en el a\u00f1o 2013.","og_url":"https:\/\/www.dressy.design\/es\/espritmeuble-paris-2023\/","og_site_name":"Dressy","article_published_time":"2023-10-19T09:12:07+00:00","article_modified_time":"2023-10-19T10:53:39+00:00","og_image":[{"width":564,"height":564,"url":"https:\/\/www.dressy.design\/wp-content\/uploads\/2023\/10\/Dressy_Espritmeuble_list.jpg","type":"image\/jpeg"}],"author":"Ferran","twitter_card":"summary_large_image","twitter_misc":{"Escrito por":"Ferran","Tiempo de lectura":"1 minuto"},"schema":{"@context":"https:\/\/schema.org","@graph":[{"@type":"Article","@id":"https:\/\/www.dressy.design\/es\/espritmeuble-paris-2023\/#article","isPartOf":{"@id":"https:\/\/www.dressy.design\/es\/espritmeuble-paris-2023\/"},"author":{"name":"Ferran","@id":"https:\/\/www.dressy.design\/es\/#\/schema\/person\/fdc4b4dd64f9776d0ac79036e2811272"},"headline":"Espritmeuble 2023","datePublished":"2023-10-19T09:12:07+00:00","dateModified":"2023-10-19T10:53:39+00:00","mainEntityOfPage":{"@id":"https:\/\/www.dressy.design\/es\/espritmeuble-paris-2023\/"},"wordCount":118,"image":{"@id":"https:\/\/www.dressy.design\/es\/espritmeuble-paris-2023\/#primaryimage"},"thumbnailUrl":"https:\/\/www.dressy.design\/wp-content\/uploads\/2023\/10\/Dressy_Espritmeuble_list.jpg","keywords":["dise\u00f1o","dressy","Espritmeuble","Eventos","feria","interiorismo","mobiliario"],"articleSection":["Home","Noticias"],"inLanguage":"es"},{"@type":"WebPage","@id":"https:\/\/www.dressy.design\/es\/espritmeuble-paris-2023\/","url":"https:\/\/www.dressy.design\/es\/espritmeuble-paris-2023\/","name":"Espritmeuble 2023 | Dressy","isPartOf":{"@id":"https:\/\/www.dressy.design\/es\/#website"},"primaryImageOfPage":{"@id":"https:\/\/www.dressy.design\/es\/espritmeuble-paris-2023\/#primaryimage"},"image":{"@id":"https:\/\/www.dressy.design\/es\/espritmeuble-paris-2023\/#primaryimage"},"thumbnailUrl":"https:\/\/www.dressy.design\/wp-content\/uploads\/2023\/10\/Dressy_Espritmeuble_list.jpg","datePublished":"2023-10-19T09:12:07+00:00","dateModified":"2023-10-19T10:53:39+00:00","author":{"@id":"https:\/\/www.dressy.design\/es\/#\/schema\/person\/fdc4b4dd64f9776d0ac79036e2811272"},"breadcrumb":{"@id":"https:\/\/www.dressy.design\/es\/espritmeuble-paris-2023\/#breadcrumb"},"inLanguage":"es","potentialAction":[{"@type":"ReadAction","target":["https:\/\/www.dressy.design\/es\/espritmeuble-paris-2023\/"]}]},{"@type":"ImageObject","inLanguage":"es","@id":"https:\/\/www.dressy.design\/es\/espritmeuble-paris-2023\/#primaryimage","url":"https:\/\/www.dressy.design\/wp-content\/uploads\/2023\/10\/Dressy_Espritmeuble_list.jpg","contentUrl":"https:\/\/www.dressy.design\/wp-content\/uploads\/2023\/10\/Dressy_Espritmeuble_list.jpg","width":564,"height":564},{"@type":"BreadcrumbList","@id":"https:\/\/www.dressy.design\/es\/espritmeuble-paris-2023\/#breadcrumb","itemListElement":[{"@type":"ListItem","position":1,"name":"Portada","item":"https:\/\/www.dressy.design\/es\/"},{"@type":"ListItem","position":2,"name":"Espritmeuble 2023"}]},{"@type":"WebSite","@id":"https:\/\/www.dressy.design\/es\/#website","url":"https:\/\/www.dressy.design\/es\/","name":"Dressy","description":"Sillas y mesas de m\u00e1xima calidad y dise\u00f1o","potentialAction":[{"@type":"SearchAction","target":{"@type":"EntryPoint","urlTemplate":"https:\/\/www.dressy.design\/es\/?s={search_term_string}"},"query-input":{"@type":"PropertyValueSpecification","valueRequired":true,"valueName":"search_term_string"}}],"inLanguage":"es"},{"@type":"Person","@id":"https:\/\/www.dressy.design\/es\/#\/schema\/person\/fdc4b4dd64f9776d0ac79036e2811272","name":"Ferran","image":{"@type":"ImageObject","inLanguage":"es","@id":"https:\/\/secure.gravatar.com\/avatar\/bfd07f6c35243c7ec7cb3c1471b1047b5a0d91d02f03dd56b0ce01a25ad60cc5?s=96&d=mm&r=g","url":"https:\/\/secure.gravatar.com\/avatar\/bfd07f6c35243c7ec7cb3c1471b1047b5a0d91d02f03dd56b0ce01a25ad60cc5?s=96&d=mm&r=g","contentUrl":"https:\/\/secure.gravatar.com\/avatar\/bfd07f6c35243c7ec7cb3c1471b1047b5a0d91d02f03dd56b0ce01a25ad60cc5?s=96&d=mm&r=g","caption":"Ferran"},"url":"https:\/\/www.dressy.design\/es\/author\/ferran\/"}]}},"_links":{"self":[{"href":"https:\/\/www.dressy.design\/es\/wp-json\/wp\/v2\/posts\/6922","targetHints":{"allow":["GET"]}}],"collection":[{"href":"https:\/\/www.dressy.design\/es\/wp-json\/wp\/v2\/posts"}],"about":[{"href":"https:\/\/www.dressy.design\/es\/wp-json\/wp\/v2\/types\/post"}],"author":[{"embeddable":true,"href":"https:\/\/www.dressy.design\/es\/wp-json\/wp\/v2\/users\/5"}],"replies":[{"embeddable":true,"href":"https:\/\/www.dressy.design\/es\/wp-json\/wp\/v2\/comments?post=6922"}],"version-history":[{"count":3,"href":"https:\/\/www.dressy.design\/es\/wp-json\/wp\/v2\/posts\/6922\/revisions"}],"predecessor-version":[{"id":6937,"href":"https:\/\/www.dressy.design\/es\/wp-json\/wp\/v2\/posts\/6922\/revisions\/6937"}],"wp:featuredmedia":[{"embeddable":true,"href":"https:\/\/www.dressy.design\/es\/wp-json\/wp\/v2\/media\/6931"}],"wp:attachment":[{"href":"https:\/\/www.dressy.design\/es\/wp-json\/wp\/v2\/media?parent=6922"}],"wp:term":[{"taxonomy":"category","embeddable":true,"href":"https:\/\/www.dressy.design\/es\/wp-json\/wp\/v2\/categories?post=6922"},{"taxonomy":"post_tag","embeddable":true,"href":"https:\/\/www.dressy.design\/es\/wp-json\/wp\/v2\/tags?post=6922"}],"curies":[{"name":"wp","href":"https:\/\/api.w.org\/{rel}","templated":true}]}}