{"id":7153,"date":"2024-03-08T10:07:27","date_gmt":"2024-03-08T09:07:27","guid":{"rendered":"https:\/\/www.dressy.design\/?p=7153"},"modified":"2024-03-08T10:51:14","modified_gmt":"2024-03-08T09:51:14","slug":"puf-lugga-disenado-por-arnau-reyna","status":"publish","type":"post","link":"https:\/\/www.dressy.design\/es\/puf-lugga-disenado-por-arnau-reyna\/","title":{"rendered":"Puf Lugga dise\u00f1ado por Arnau-Reyna"},"content":{"rendered":"\n\n\n<figure class=\"wp-block-image size-full\"><img loading=\"lazy\" decoding=\"async\" width=\"1128\" height=\"752\" src=\"https:\/\/www.dressy.design\/wp-content\/uploads\/2024\/03\/Noticias_Imagen-principal_PUF-LUGGA.jpg\" alt=\"\" class=\"wp-image-7147\" srcset=\"https:\/\/www.dressy.design\/wp-content\/uploads\/2024\/03\/Noticias_Imagen-principal_PUF-LUGGA.jpg 1128w, https:\/\/www.dressy.design\/wp-content\/uploads\/2024\/03\/Noticias_Imagen-principal_PUF-LUGGA-150x100.jpg 150w, https:\/\/www.dressy.design\/wp-content\/uploads\/2024\/03\/Noticias_Imagen-principal_PUF-LUGGA-768x512.jpg 768w, https:\/\/www.dressy.design\/wp-content\/uploads\/2024\/03\/Noticias_Imagen-principal_PUF-LUGGA-300x200.jpg 300w, https:\/\/www.dressy.design\/wp-content\/uploads\/2024\/03\/Noticias_Imagen-principal_PUF-LUGGA-600x400.jpg 600w\" sizes=\"auto, (max-width: 1128px) 100vw, 1128px\" \/><\/figure>\n\n\n\n<p>Lugga es una colecci\u00f3n de pufs de 60\u00d760 o 90\u00d790 que pueden emplearse como asiento adicional, reposapi\u00e9s o una pr\u00e1ctica superficie de apoyo.<\/p>\n\n\n\n<p>La colecci\u00f3n hace referencia al conjunto de objetos que acompa\u00f1an al viajero durante su trayecto. Sus costuras de contraste se desarrollan en un caracter\u00edstico patr\u00f3n geom\u00e9trico, recordando a las antiguas maletas de piel. Pensado para ser manejable y transportable mediante sus asas, Lugga es el aliado perfecto para cualquier tipo de ambiente, ya que puede emplearse como asiento adicional, reposapi\u00e9s o una pr\u00e1ctica superficie de apoyo.<\/p>\n\n\n\n<figure class=\"wp-block-image size-full\"><img loading=\"lazy\" decoding=\"async\" width=\"800\" height=\"800\" src=\"https:\/\/www.dressy.design\/wp-content\/uploads\/2021\/11\/Pouf-Lugga_Galeria_01.webp\" alt=\"\" class=\"wp-image-1908\" srcset=\"https:\/\/www.dressy.design\/wp-content\/uploads\/2021\/11\/Pouf-Lugga_Galeria_01.webp 800w, https:\/\/www.dressy.design\/wp-content\/uploads\/2021\/11\/Pouf-Lugga_Galeria_01-150x150.webp 150w, https:\/\/www.dressy.design\/wp-content\/uploads\/2021\/11\/Pouf-Lugga_Galeria_01-768x768.webp 768w, https:\/\/www.dressy.design\/wp-content\/uploads\/2021\/11\/Pouf-Lugga_Galeria_01-300x300.webp 300w, https:\/\/www.dressy.design\/wp-content\/uploads\/2021\/11\/Pouf-Lugga_Galeria_01-640x640.webp 640w, https:\/\/www.dressy.design\/wp-content\/uploads\/2021\/11\/Pouf-Lugga_Galeria_01-50x50.webp 50w, https:\/\/www.dressy.design\/wp-content\/uploads\/2021\/11\/Pouf-Lugga_Galeria_01-100x100.webp 100w, https:\/\/www.dressy.design\/wp-content\/uploads\/2021\/11\/Pouf-Lugga_Galeria_01-600x600.webp 600w\" sizes=\"auto, (max-width: 800px) 100vw, 800px\" \/><\/figure>\n\n\n\n<figure class=\"wp-block-image size-full\"><img loading=\"lazy\" decoding=\"async\" width=\"800\" height=\"800\" src=\"https:\/\/www.dressy.design\/wp-content\/uploads\/2021\/11\/Pouf-Lugga_Galeria_02.webp\" alt=\"\" class=\"wp-image-1906\" srcset=\"https:\/\/www.dressy.design\/wp-content\/uploads\/2021\/11\/Pouf-Lugga_Galeria_02.webp 800w, https:\/\/www.dressy.design\/wp-content\/uploads\/2021\/11\/Pouf-Lugga_Galeria_02-150x150.webp 150w, https:\/\/www.dressy.design\/wp-content\/uploads\/2021\/11\/Pouf-Lugga_Galeria_02-768x768.webp 768w, https:\/\/www.dressy.design\/wp-content\/uploads\/2021\/11\/Pouf-Lugga_Galeria_02-300x300.webp 300w, https:\/\/www.dressy.design\/wp-content\/uploads\/2021\/11\/Pouf-Lugga_Galeria_02-640x640.webp 640w, https:\/\/www.dressy.design\/wp-content\/uploads\/2021\/11\/Pouf-Lugga_Galeria_02-50x50.webp 50w, https:\/\/www.dressy.design\/wp-content\/uploads\/2021\/11\/Pouf-Lugga_Galeria_02-100x100.webp 100w, https:\/\/www.dressy.design\/wp-content\/uploads\/2021\/11\/Pouf-Lugga_Galeria_02-600x600.webp 600w\" sizes=\"auto, (max-width: 800px) 100vw, 800px\" \/><\/figure>\n\n\n\n<div class=\"wp-block-media-text alignwide is-stacked-on-mobile\" style=\"grid-template-columns:46% auto\"><figure class=\"wp-block-media-text__media\"><img loading=\"lazy\" decoding=\"async\" width=\"341\" height=\"341\" src=\"https:\/\/www.dressy.design\/wp-content\/uploads\/2021\/11\/Arnau-y-Reyna.jpg\" alt=\"Arnay y Reyna Dise\u00f1ador\" class=\"wp-image-2175 size-full\" srcset=\"https:\/\/www.dressy.design\/wp-content\/uploads\/2021\/11\/Arnau-y-Reyna.jpg 341w, https:\/\/www.dressy.design\/wp-content\/uploads\/2021\/11\/Arnau-y-Reyna-150x150.jpg 150w, https:\/\/www.dressy.design\/wp-content\/uploads\/2021\/11\/Arnau-y-Reyna-300x300.jpg 300w, https:\/\/www.dressy.design\/wp-content\/uploads\/2021\/11\/Arnau-y-Reyna-50x50.jpg 50w, https:\/\/www.dressy.design\/wp-content\/uploads\/2021\/11\/Arnau-y-Reyna-100x100.jpg 100w\" sizes=\"auto, (max-width: 341px) 100vw, 341px\" \/><\/figure><div class=\"wp-block-media-text__content\">\n<p>Ram\u00f3n Arnau (1984, Denia) y Mariola Reyna (1985, Valencia) se conocen estudiando Arquitectura en 2003. Mientras terminan esta carrera, su pasi\u00f3n por el dise\u00f1o de mobiliario les llev\u00f3 a seguir estudiando juntos Dise\u00f1o Industrial. \u00abDise\u00f1amos productos que conectan con el usuario y los espacios que habita. Partimos de ideas sencillas que evolucionan a trav\u00e9s del proceso de dise\u00f1o. Piezas atemporales que no se dejan influenciar por tendencias pasajeras. \u00bb<\/p>\n<\/div><\/div>\n","protected":false},"excerpt":{"rendered":"<p>Lugga es una colecci\u00f3n de pufs de 60\u00d760 o 90\u00d790 que pueden emplearse como asiento adicional, reposapi\u00e9s o una pr\u00e1ctica superficie de apoyo.<\/p>\n","protected":false},"author":5,"featured_media":7154,"comment_status":"closed","ping_status":"closed","sticky":false,"template":"","format":"standard","meta":{"_acf_changed":false,"footnotes":""},"categories":[1,34],"tags":[],"class_list":["post-7153","post","type-post","status-publish","format-standard","has-post-thumbnail","hentry","category-noticias-home","category-noticias"],"acf":[],"yoast_head":"<!-- This site is optimized with the Yoast SEO plugin v27.2 - https:\/\/yoast.com\/product\/yoast-seo-wordpress\/ -->\n<title>Puf Lugga dise\u00f1ado por Arnau-Reyna | Dressy<\/title>\n<meta name=\"description\" content=\"La colecci\u00f3n de pufs Lugga hace referencia al conjunto de objetos que acompa\u00f1an al viajero durante su trayecto.\" \/>\n<meta name=\"robots\" content=\"index, follow, max-snippet:-1, max-image-preview:large, max-video-preview:-1\" \/>\n<link rel=\"canonical\" href=\"https:\/\/www.dressy.design\/es\/puf-lugga-disenado-por-arnau-reyna\/\" \/>\n<meta property=\"og:locale\" content=\"es_ES\" \/>\n<meta property=\"og:type\" content=\"article\" \/>\n<meta property=\"og:title\" content=\"Puf Lugga dise\u00f1ado por Arnau-Reyna | Dressy\" \/>\n<meta property=\"og:description\" content=\"La colecci\u00f3n de pufs Lugga hace referencia al conjunto de objetos que acompa\u00f1an al viajero durante su trayecto.\" \/>\n<meta property=\"og:url\" content=\"https:\/\/www.dressy.design\/es\/puf-lugga-disenado-por-arnau-reyna\/\" \/>\n<meta property=\"og:site_name\" content=\"Dressy\" \/>\n<meta property=\"article:published_time\" content=\"2024-03-08T09:07:27+00:00\" \/>\n<meta property=\"article:modified_time\" content=\"2024-03-08T09:51:14+00:00\" \/>\n<meta property=\"og:image\" content=\"https:\/\/www.dressy.design\/wp-content\/uploads\/2024\/03\/Noticias_Imagen-listado_PUF-LUGGA.jpg\" \/>\n\t<meta property=\"og:image:width\" content=\"564\" \/>\n\t<meta property=\"og:image:height\" content=\"564\" \/>\n\t<meta property=\"og:image:type\" content=\"image\/jpeg\" \/>\n<meta name=\"author\" content=\"Ferran\" \/>\n<meta name=\"twitter:card\" content=\"summary_large_image\" \/>\n<meta name=\"twitter:label1\" content=\"Escrito por\" \/>\n\t<meta name=\"twitter:data1\" content=\"Ferran\" \/>\n\t<meta name=\"twitter:label2\" content=\"Tiempo de lectura\" \/>\n\t<meta name=\"twitter:data2\" content=\"2 minutos\" \/>\n<script type=\"application\/ld+json\" class=\"yoast-schema-graph\">{\"@context\":\"https:\/\/schema.org\",\"@graph\":[{\"@type\":\"Article\",\"@id\":\"https:\/\/www.dressy.design\/es\/puf-lugga-disenado-por-arnau-reyna\/#article\",\"isPartOf\":{\"@id\":\"https:\/\/www.dressy.design\/es\/puf-lugga-disenado-por-arnau-reyna\/\"},\"author\":{\"name\":\"Ferran\",\"@id\":\"https:\/\/www.dressy.design\/es\/#\/schema\/person\/fdc4b4dd64f9776d0ac79036e2811272\"},\"headline\":\"Puf Lugga dise\u00f1ado por Arnau-Reyna\",\"datePublished\":\"2024-03-08T09:07:27+00:00\",\"dateModified\":\"2024-03-08T09:51:14+00:00\",\"mainEntityOfPage\":{\"@id\":\"https:\/\/www.dressy.design\/es\/puf-lugga-disenado-por-arnau-reyna\/\"},\"wordCount\":175,\"image\":{\"@id\":\"https:\/\/www.dressy.design\/es\/puf-lugga-disenado-por-arnau-reyna\/#primaryimage\"},\"thumbnailUrl\":\"https:\/\/www.dressy.design\/wp-content\/uploads\/2024\/03\/Noticias_Imagen-listado_PUF-LUGGA.jpg\",\"articleSection\":[\"Home\",\"Noticias\"],\"inLanguage\":\"es\"},{\"@type\":\"WebPage\",\"@id\":\"https:\/\/www.dressy.design\/es\/puf-lugga-disenado-por-arnau-reyna\/\",\"url\":\"https:\/\/www.dressy.design\/es\/puf-lugga-disenado-por-arnau-reyna\/\",\"name\":\"Puf Lugga dise\u00f1ado por Arnau-Reyna | Dressy\",\"isPartOf\":{\"@id\":\"https:\/\/www.dressy.design\/es\/#website\"},\"primaryImageOfPage\":{\"@id\":\"https:\/\/www.dressy.design\/es\/puf-lugga-disenado-por-arnau-reyna\/#primaryimage\"},\"image\":{\"@id\":\"https:\/\/www.dressy.design\/es\/puf-lugga-disenado-por-arnau-reyna\/#primaryimage\"},\"thumbnailUrl\":\"https:\/\/www.dressy.design\/wp-content\/uploads\/2024\/03\/Noticias_Imagen-listado_PUF-LUGGA.jpg\",\"datePublished\":\"2024-03-08T09:07:27+00:00\",\"dateModified\":\"2024-03-08T09:51:14+00:00\",\"author\":{\"@id\":\"https:\/\/www.dressy.design\/es\/#\/schema\/person\/fdc4b4dd64f9776d0ac79036e2811272\"},\"description\":\"La colecci\u00f3n de pufs Lugga hace referencia al conjunto de objetos que acompa\u00f1an al viajero durante su trayecto.\",\"breadcrumb\":{\"@id\":\"https:\/\/www.dressy.design\/es\/puf-lugga-disenado-por-arnau-reyna\/#breadcrumb\"},\"inLanguage\":\"es\",\"potentialAction\":[{\"@type\":\"ReadAction\",\"target\":[\"https:\/\/www.dressy.design\/es\/puf-lugga-disenado-por-arnau-reyna\/\"]}]},{\"@type\":\"ImageObject\",\"inLanguage\":\"es\",\"@id\":\"https:\/\/www.dressy.design\/es\/puf-lugga-disenado-por-arnau-reyna\/#primaryimage\",\"url\":\"https:\/\/www.dressy.design\/wp-content\/uploads\/2024\/03\/Noticias_Imagen-listado_PUF-LUGGA.jpg\",\"contentUrl\":\"https:\/\/www.dressy.design\/wp-content\/uploads\/2024\/03\/Noticias_Imagen-listado_PUF-LUGGA.jpg\",\"width\":564,\"height\":564},{\"@type\":\"BreadcrumbList\",\"@id\":\"https:\/\/www.dressy.design\/es\/puf-lugga-disenado-por-arnau-reyna\/#breadcrumb\",\"itemListElement\":[{\"@type\":\"ListItem\",\"position\":1,\"name\":\"Portada\",\"item\":\"https:\/\/www.dressy.design\/es\/\"},{\"@type\":\"ListItem\",\"position\":2,\"name\":\"Puf Lugga dise\u00f1ado por Arnau-Reyna\"}]},{\"@type\":\"WebSite\",\"@id\":\"https:\/\/www.dressy.design\/es\/#website\",\"url\":\"https:\/\/www.dressy.design\/es\/\",\"name\":\"Dressy\",\"description\":\"Sillas y mesas de m\u00e1xima calidad y dise\u00f1o\",\"potentialAction\":[{\"@type\":\"SearchAction\",\"target\":{\"@type\":\"EntryPoint\",\"urlTemplate\":\"https:\/\/www.dressy.design\/es\/?s={search_term_string}\"},\"query-input\":{\"@type\":\"PropertyValueSpecification\",\"valueRequired\":true,\"valueName\":\"search_term_string\"}}],\"inLanguage\":\"es\"},{\"@type\":\"Person\",\"@id\":\"https:\/\/www.dressy.design\/es\/#\/schema\/person\/fdc4b4dd64f9776d0ac79036e2811272\",\"name\":\"Ferran\",\"image\":{\"@type\":\"ImageObject\",\"inLanguage\":\"es\",\"@id\":\"https:\/\/secure.gravatar.com\/avatar\/bfd07f6c35243c7ec7cb3c1471b1047b5a0d91d02f03dd56b0ce01a25ad60cc5?s=96&d=mm&r=g\",\"url\":\"https:\/\/secure.gravatar.com\/avatar\/bfd07f6c35243c7ec7cb3c1471b1047b5a0d91d02f03dd56b0ce01a25ad60cc5?s=96&d=mm&r=g\",\"contentUrl\":\"https:\/\/secure.gravatar.com\/avatar\/bfd07f6c35243c7ec7cb3c1471b1047b5a0d91d02f03dd56b0ce01a25ad60cc5?s=96&d=mm&r=g\",\"caption\":\"Ferran\"},\"url\":\"https:\/\/www.dressy.design\/es\/author\/ferran\/\"}]}<\/script>\n<!-- \/ Yoast SEO plugin. -->","yoast_head_json":{"title":"Puf Lugga dise\u00f1ado por Arnau-Reyna | Dressy","description":"La colecci\u00f3n de pufs Lugga hace referencia al conjunto de objetos que acompa\u00f1an al viajero durante su trayecto.","robots":{"index":"index","follow":"follow","max-snippet":"max-snippet:-1","max-image-preview":"max-image-preview:large","max-video-preview":"max-video-preview:-1"},"canonical":"https:\/\/www.dressy.design\/es\/puf-lugga-disenado-por-arnau-reyna\/","og_locale":"es_ES","og_type":"article","og_title":"Puf Lugga dise\u00f1ado por Arnau-Reyna | Dressy","og_description":"La colecci\u00f3n de pufs Lugga hace referencia al conjunto de objetos que acompa\u00f1an al viajero durante su trayecto.","og_url":"https:\/\/www.dressy.design\/es\/puf-lugga-disenado-por-arnau-reyna\/","og_site_name":"Dressy","article_published_time":"2024-03-08T09:07:27+00:00","article_modified_time":"2024-03-08T09:51:14+00:00","og_image":[{"width":564,"height":564,"url":"https:\/\/www.dressy.design\/wp-content\/uploads\/2024\/03\/Noticias_Imagen-listado_PUF-LUGGA.jpg","type":"image\/jpeg"}],"author":"Ferran","twitter_card":"summary_large_image","twitter_misc":{"Escrito por":"Ferran","Tiempo de lectura":"2 minutos"},"schema":{"@context":"https:\/\/schema.org","@graph":[{"@type":"Article","@id":"https:\/\/www.dressy.design\/es\/puf-lugga-disenado-por-arnau-reyna\/#article","isPartOf":{"@id":"https:\/\/www.dressy.design\/es\/puf-lugga-disenado-por-arnau-reyna\/"},"author":{"name":"Ferran","@id":"https:\/\/www.dressy.design\/es\/#\/schema\/person\/fdc4b4dd64f9776d0ac79036e2811272"},"headline":"Puf Lugga dise\u00f1ado por Arnau-Reyna","datePublished":"2024-03-08T09:07:27+00:00","dateModified":"2024-03-08T09:51:14+00:00","mainEntityOfPage":{"@id":"https:\/\/www.dressy.design\/es\/puf-lugga-disenado-por-arnau-reyna\/"},"wordCount":175,"image":{"@id":"https:\/\/www.dressy.design\/es\/puf-lugga-disenado-por-arnau-reyna\/#primaryimage"},"thumbnailUrl":"https:\/\/www.dressy.design\/wp-content\/uploads\/2024\/03\/Noticias_Imagen-listado_PUF-LUGGA.jpg","articleSection":["Home","Noticias"],"inLanguage":"es"},{"@type":"WebPage","@id":"https:\/\/www.dressy.design\/es\/puf-lugga-disenado-por-arnau-reyna\/","url":"https:\/\/www.dressy.design\/es\/puf-lugga-disenado-por-arnau-reyna\/","name":"Puf Lugga dise\u00f1ado por Arnau-Reyna | Dressy","isPartOf":{"@id":"https:\/\/www.dressy.design\/es\/#website"},"primaryImageOfPage":{"@id":"https:\/\/www.dressy.design\/es\/puf-lugga-disenado-por-arnau-reyna\/#primaryimage"},"image":{"@id":"https:\/\/www.dressy.design\/es\/puf-lugga-disenado-por-arnau-reyna\/#primaryimage"},"thumbnailUrl":"https:\/\/www.dressy.design\/wp-content\/uploads\/2024\/03\/Noticias_Imagen-listado_PUF-LUGGA.jpg","datePublished":"2024-03-08T09:07:27+00:00","dateModified":"2024-03-08T09:51:14+00:00","author":{"@id":"https:\/\/www.dressy.design\/es\/#\/schema\/person\/fdc4b4dd64f9776d0ac79036e2811272"},"description":"La colecci\u00f3n de pufs Lugga hace referencia al conjunto de objetos que acompa\u00f1an al viajero durante su trayecto.","breadcrumb":{"@id":"https:\/\/www.dressy.design\/es\/puf-lugga-disenado-por-arnau-reyna\/#breadcrumb"},"inLanguage":"es","potentialAction":[{"@type":"ReadAction","target":["https:\/\/www.dressy.design\/es\/puf-lugga-disenado-por-arnau-reyna\/"]}]},{"@type":"ImageObject","inLanguage":"es","@id":"https:\/\/www.dressy.design\/es\/puf-lugga-disenado-por-arnau-reyna\/#primaryimage","url":"https:\/\/www.dressy.design\/wp-content\/uploads\/2024\/03\/Noticias_Imagen-listado_PUF-LUGGA.jpg","contentUrl":"https:\/\/www.dressy.design\/wp-content\/uploads\/2024\/03\/Noticias_Imagen-listado_PUF-LUGGA.jpg","width":564,"height":564},{"@type":"BreadcrumbList","@id":"https:\/\/www.dressy.design\/es\/puf-lugga-disenado-por-arnau-reyna\/#breadcrumb","itemListElement":[{"@type":"ListItem","position":1,"name":"Portada","item":"https:\/\/www.dressy.design\/es\/"},{"@type":"ListItem","position":2,"name":"Puf Lugga dise\u00f1ado por Arnau-Reyna"}]},{"@type":"WebSite","@id":"https:\/\/www.dressy.design\/es\/#website","url":"https:\/\/www.dressy.design\/es\/","name":"Dressy","description":"Sillas y mesas de m\u00e1xima calidad y dise\u00f1o","potentialAction":[{"@type":"SearchAction","target":{"@type":"EntryPoint","urlTemplate":"https:\/\/www.dressy.design\/es\/?s={search_term_string}"},"query-input":{"@type":"PropertyValueSpecification","valueRequired":true,"valueName":"search_term_string"}}],"inLanguage":"es"},{"@type":"Person","@id":"https:\/\/www.dressy.design\/es\/#\/schema\/person\/fdc4b4dd64f9776d0ac79036e2811272","name":"Ferran","image":{"@type":"ImageObject","inLanguage":"es","@id":"https:\/\/secure.gravatar.com\/avatar\/bfd07f6c35243c7ec7cb3c1471b1047b5a0d91d02f03dd56b0ce01a25ad60cc5?s=96&d=mm&r=g","url":"https:\/\/secure.gravatar.com\/avatar\/bfd07f6c35243c7ec7cb3c1471b1047b5a0d91d02f03dd56b0ce01a25ad60cc5?s=96&d=mm&r=g","contentUrl":"https:\/\/secure.gravatar.com\/avatar\/bfd07f6c35243c7ec7cb3c1471b1047b5a0d91d02f03dd56b0ce01a25ad60cc5?s=96&d=mm&r=g","caption":"Ferran"},"url":"https:\/\/www.dressy.design\/es\/author\/ferran\/"}]}},"_links":{"self":[{"href":"https:\/\/www.dressy.design\/es\/wp-json\/wp\/v2\/posts\/7153","targetHints":{"allow":["GET"]}}],"collection":[{"href":"https:\/\/www.dressy.design\/es\/wp-json\/wp\/v2\/posts"}],"about":[{"href":"https:\/\/www.dressy.design\/es\/wp-json\/wp\/v2\/types\/post"}],"author":[{"embeddable":true,"href":"https:\/\/www.dressy.design\/es\/wp-json\/wp\/v2\/users\/5"}],"replies":[{"embeddable":true,"href":"https:\/\/www.dressy.design\/es\/wp-json\/wp\/v2\/comments?post=7153"}],"version-history":[{"count":2,"href":"https:\/\/www.dressy.design\/es\/wp-json\/wp\/v2\/posts\/7153\/revisions"}],"predecessor-version":[{"id":7162,"href":"https:\/\/www.dressy.design\/es\/wp-json\/wp\/v2\/posts\/7153\/revisions\/7162"}],"wp:featuredmedia":[{"embeddable":true,"href":"https:\/\/www.dressy.design\/es\/wp-json\/wp\/v2\/media\/7154"}],"wp:attachment":[{"href":"https:\/\/www.dressy.design\/es\/wp-json\/wp\/v2\/media?parent=7153"}],"wp:term":[{"taxonomy":"category","embeddable":true,"href":"https:\/\/www.dressy.design\/es\/wp-json\/wp\/v2\/categories?post=7153"},{"taxonomy":"post_tag","embeddable":true,"href":"https:\/\/www.dressy.design\/es\/wp-json\/wp\/v2\/tags?post=7153"}],"curies":[{"name":"wp","href":"https:\/\/api.w.org\/{rel}","templated":true}]}}