{"id":6752,"date":"2023-04-26T17:23:24","date_gmt":"2023-04-26T15:23:24","guid":{"rendered":"https:\/\/www.dressy.design\/?p=6752"},"modified":"2023-04-27T08:39:37","modified_gmt":"2023-04-27T06:39:37","slug":"milan-nous-enchante","status":"publish","type":"post","link":"https:\/\/www.dressy.design\/fr\/milan-nous-enchante\/","title":{"rendered":"Milan nous enchante"},"content":{"rendered":"\n\n\n<figure class=\"wp-block-image size-full\"><img loading=\"lazy\" decoding=\"async\" width=\"1128\" height=\"752\" src=\"https:\/\/www.dressy.design\/wp-content\/uploads\/2023\/04\/Dressy_Salonedelmobile2023-postferia_10.jpg\" alt=\"\" class=\"wp-image-6724\" srcset=\"https:\/\/www.dressy.design\/wp-content\/uploads\/2023\/04\/Dressy_Salonedelmobile2023-postferia_10.jpg 1128w, https:\/\/www.dressy.design\/wp-content\/uploads\/2023\/04\/Dressy_Salonedelmobile2023-postferia_10-150x100.jpg 150w, https:\/\/www.dressy.design\/wp-content\/uploads\/2023\/04\/Dressy_Salonedelmobile2023-postferia_10-768x512.jpg 768w, https:\/\/www.dressy.design\/wp-content\/uploads\/2023\/04\/Dressy_Salonedelmobile2023-postferia_10-300x200.jpg 300w, https:\/\/www.dressy.design\/wp-content\/uploads\/2023\/04\/Dressy_Salonedelmobile2023-postferia_10-600x400.jpg 600w\" sizes=\"auto, (max-width: 1128px) 100vw, 1128px\" \/><\/figure>\n\n\n\n<p><\/p>\n\n\n\n<p>Sur tous les agendas des amoureux et professionnels du design y est inscrit ce fameux Salon du Mobilier, qui r\u00e9unit les entreprises et designers les plus importants du secteur, d\u00e9voilant leurs nouveaut\u00e9s au monde entier. Marcher dans les all\u00e9es du salon nous a fait respirer ces nouvelles id\u00e9es, ce design, ces tendances,\u2026 ces sensations qui transforment nos vies.<\/p>\n\n\n\n<p>Dressy \u00e9galement contribue aux importantes nouveaut\u00e9s \u00e0 l\u2019aide de studios de designers tels Santiago Sevillano, Arnau y Reyna et Sergio Rochas.<\/p>\n\n\n\n<p>Jetez un coup d\u2019\u0153il aux photos et revivez avec nous cette exp\u00e9rience.<\/p>\n\n\n\n<figure class=\"wp-block-gallery has-nested-images columns-default is-cropped wp-block-gallery-1 is-layout-flex wp-block-gallery-is-layout-flex\">\n<figure class=\"wp-block-image size-full\"><img loading=\"lazy\" decoding=\"async\" width=\"1128\" height=\"752\" data-id=\"6688\" src=\"https:\/\/www.dressy.design\/wp-content\/uploads\/2023\/04\/Dressy_Salonedelmobile2023-postferia_01-2.jpg\" alt=\"\" class=\"wp-image-6688\" srcset=\"https:\/\/www.dressy.design\/wp-content\/uploads\/2023\/04\/Dressy_Salonedelmobile2023-postferia_01-2.jpg 1128w, https:\/\/www.dressy.design\/wp-content\/uploads\/2023\/04\/Dressy_Salonedelmobile2023-postferia_01-2-150x100.jpg 150w, https:\/\/www.dressy.design\/wp-content\/uploads\/2023\/04\/Dressy_Salonedelmobile2023-postferia_01-2-768x512.jpg 768w, https:\/\/www.dressy.design\/wp-content\/uploads\/2023\/04\/Dressy_Salonedelmobile2023-postferia_01-2-300x200.jpg 300w, https:\/\/www.dressy.design\/wp-content\/uploads\/2023\/04\/Dressy_Salonedelmobile2023-postferia_01-2-600x400.jpg 600w\" sizes=\"auto, (max-width: 1128px) 100vw, 1128px\" \/><\/figure>\n\n\n\n<figure class=\"wp-block-image size-large\"><img loading=\"lazy\" decoding=\"async\" width=\"375\" height=\"500\" data-id=\"6704\" src=\"https:\/\/www.dressy.design\/wp-content\/uploads\/2023\/04\/Dressy_Salonedelmobile2023-postferia_05.jpg\" alt=\"\" class=\"wp-image-6704\" srcset=\"https:\/\/www.dressy.design\/wp-content\/uploads\/2023\/04\/Dressy_Salonedelmobile2023-postferia_05.jpg 375w, https:\/\/www.dressy.design\/wp-content\/uploads\/2023\/04\/Dressy_Salonedelmobile2023-postferia_05-150x200.jpg 150w, https:\/\/www.dressy.design\/wp-content\/uploads\/2023\/04\/Dressy_Salonedelmobile2023-postferia_05-300x400.jpg 300w\" sizes=\"auto, (max-width: 375px) 100vw, 375px\" \/><\/figure>\n<\/figure>\n\n\n\n<div class=\"wp-block-group\"><div class=\"wp-block-group__inner-container is-layout-constrained wp-block-group-is-layout-constrained\">\n<figure class=\"wp-block-gallery has-nested-images columns-default is-cropped wp-block-gallery-2 is-layout-flex wp-block-gallery-is-layout-flex\">\n<figure class=\"wp-block-image size-large\"><img loading=\"lazy\" decoding=\"async\" width=\"375\" height=\"500\" data-id=\"6676\" src=\"https:\/\/www.dressy.design\/wp-content\/uploads\/2023\/04\/Dressy_Salonedelmobile2023-postferia_04.jpg\" alt=\"\" class=\"wp-image-6676\" srcset=\"https:\/\/www.dressy.design\/wp-content\/uploads\/2023\/04\/Dressy_Salonedelmobile2023-postferia_04.jpg 375w, https:\/\/www.dressy.design\/wp-content\/uploads\/2023\/04\/Dressy_Salonedelmobile2023-postferia_04-150x200.jpg 150w, https:\/\/www.dressy.design\/wp-content\/uploads\/2023\/04\/Dressy_Salonedelmobile2023-postferia_04-300x400.jpg 300w\" sizes=\"auto, (max-width: 375px) 100vw, 375px\" \/><\/figure>\n\n\n\n<figure class=\"wp-block-image size-large\"><img loading=\"lazy\" decoding=\"async\" width=\"375\" height=\"500\" data-id=\"6672\" src=\"https:\/\/www.dressy.design\/wp-content\/uploads\/2023\/04\/Dressy_Salonedelmobile2023-postferia_03.jpg\" alt=\"\" class=\"wp-image-6672\" srcset=\"https:\/\/www.dressy.design\/wp-content\/uploads\/2023\/04\/Dressy_Salonedelmobile2023-postferia_03.jpg 375w, https:\/\/www.dressy.design\/wp-content\/uploads\/2023\/04\/Dressy_Salonedelmobile2023-postferia_03-150x200.jpg 150w, https:\/\/www.dressy.design\/wp-content\/uploads\/2023\/04\/Dressy_Salonedelmobile2023-postferia_03-300x400.jpg 300w\" sizes=\"auto, (max-width: 375px) 100vw, 375px\" \/><\/figure>\n\n\n\n<figure class=\"wp-block-image size-large\"><img loading=\"lazy\" decoding=\"async\" width=\"375\" height=\"500\" data-id=\"6716\" src=\"https:\/\/www.dressy.design\/wp-content\/uploads\/2023\/04\/Dressy_Salonedelmobile2023-postferia_08.jpg\" alt=\"\" class=\"wp-image-6716\" srcset=\"https:\/\/www.dressy.design\/wp-content\/uploads\/2023\/04\/Dressy_Salonedelmobile2023-postferia_08.jpg 375w, https:\/\/www.dressy.design\/wp-content\/uploads\/2023\/04\/Dressy_Salonedelmobile2023-postferia_08-150x200.jpg 150w, https:\/\/www.dressy.design\/wp-content\/uploads\/2023\/04\/Dressy_Salonedelmobile2023-postferia_08-300x400.jpg 300w\" sizes=\"auto, (max-width: 375px) 100vw, 375px\" \/><\/figure>\n\n\n\n<figure class=\"wp-block-image size-full\"><img loading=\"lazy\" decoding=\"async\" width=\"1128\" height=\"752\" data-id=\"6759\" src=\"https:\/\/www.dressy.design\/wp-content\/uploads\/2023\/04\/Dressy_Salonedelmobile2023-postferia_02-3.jpg\" alt=\"\" class=\"wp-image-6759\" srcset=\"https:\/\/www.dressy.design\/wp-content\/uploads\/2023\/04\/Dressy_Salonedelmobile2023-postferia_02-3.jpg 1128w, https:\/\/www.dressy.design\/wp-content\/uploads\/2023\/04\/Dressy_Salonedelmobile2023-postferia_02-3-150x100.jpg 150w, https:\/\/www.dressy.design\/wp-content\/uploads\/2023\/04\/Dressy_Salonedelmobile2023-postferia_02-3-768x512.jpg 768w, https:\/\/www.dressy.design\/wp-content\/uploads\/2023\/04\/Dressy_Salonedelmobile2023-postferia_02-3-300x200.jpg 300w, https:\/\/www.dressy.design\/wp-content\/uploads\/2023\/04\/Dressy_Salonedelmobile2023-postferia_02-3-600x400.jpg 600w\" sizes=\"auto, (max-width: 1128px) 100vw, 1128px\" \/><\/figure>\n<\/figure>\n<\/div><\/div>\n","protected":false},"excerpt":{"rendered":"<p>Sur tous les agendas des amoureux et professionnels du design y est inscrit ce fameux Salon du Mobilier, qui r\u00e9unit les entreprises et designers les plus importants du secteur, d\u00e9voilant leurs nouveaut\u00e9s au monde entie<\/p>\n","protected":false},"author":5,"featured_media":6743,"comment_status":"closed","ping_status":"closed","sticky":false,"template":"","format":"standard","meta":{"_acf_changed":false,"footnotes":""},"categories":[35,41],"tags":[308,178,187,385,384,382],"class_list":["post-6752","post","type-post","status-publish","format-standard","has-post-thumbnail","hentry","category-nouvelles-accueil","category-nouvelles","tag-design-2","tag-diseno-milan-salonedelmobile-interiorismo-mobiliario-novedades","tag-diseno-milan-salonedelmobile-interiorismo-mobiliario-novedades-fr","tag-milan-2","tag-mobilier","tag-salonedelmobile-2"],"acf":[],"yoast_head":"<!-- This site is optimized with the Yoast SEO plugin v27.2 - https:\/\/yoast.com\/product\/yoast-seo-wordpress\/ -->\n<title>Milan nous enchante | Dressy<\/title>\n<meta name=\"description\" content=\"Sur tous les agendas des amoureux et professionnels du design y est inscrit ce fameux Salon du Mobilier, qui r\u00e9unit les entreprises et designers les plus importants du secteur, d\u00e9voilant leurs nouveaut\u00e9s au monde entie\" \/>\n<meta name=\"robots\" content=\"index, follow, max-snippet:-1, max-image-preview:large, max-video-preview:-1\" \/>\n<link rel=\"canonical\" href=\"https:\/\/www.dressy.design\/fr\/milan-nous-enchante\/\" \/>\n<meta property=\"og:locale\" content=\"fr_FR\" \/>\n<meta property=\"og:type\" content=\"article\" \/>\n<meta property=\"og:title\" content=\"Milan nous enchante | Dressy\" \/>\n<meta property=\"og:description\" content=\"Sur tous les agendas des amoureux et professionnels du design y est inscrit ce fameux Salon du Mobilier, qui r\u00e9unit les entreprises et designers les plus importants du secteur, d\u00e9voilant leurs nouveaut\u00e9s au monde entie\" \/>\n<meta property=\"og:url\" content=\"https:\/\/www.dressy.design\/fr\/milan-nous-enchante\/\" \/>\n<meta property=\"og:site_name\" content=\"Dressy\" \/>\n<meta property=\"article:published_time\" content=\"2023-04-26T15:23:24+00:00\" \/>\n<meta property=\"article:modified_time\" content=\"2023-04-27T06:39:37+00:00\" \/>\n<meta property=\"og:image\" content=\"https:\/\/www.dressy.design\/wp-content\/uploads\/2023\/04\/Dressy_Salonedelmobile2023-postferia_LISTADO.jpg\" \/>\n\t<meta property=\"og:image:width\" content=\"564\" \/>\n\t<meta property=\"og:image:height\" content=\"564\" \/>\n\t<meta property=\"og:image:type\" content=\"image\/jpeg\" \/>\n<meta name=\"author\" content=\"Ferran\" \/>\n<meta name=\"twitter:card\" content=\"summary_large_image\" \/>\n<meta name=\"twitter:label1\" content=\"\u00c9crit par\" \/>\n\t<meta name=\"twitter:data1\" content=\"Ferran\" \/>\n\t<meta name=\"twitter:label2\" content=\"Dur\u00e9e de lecture estim\u00e9e\" \/>\n\t<meta name=\"twitter:data2\" content=\"2 minutes\" \/>\n<script type=\"application\/ld+json\" class=\"yoast-schema-graph\">{\"@context\":\"https:\/\/schema.org\",\"@graph\":[{\"@type\":\"Article\",\"@id\":\"https:\/\/www.dressy.design\/fr\/milan-nous-enchante\/#article\",\"isPartOf\":{\"@id\":\"https:\/\/www.dressy.design\/fr\/milan-nous-enchante\/\"},\"author\":{\"name\":\"Ferran\",\"@id\":\"https:\/\/www.dressy.design\/fr\/#\/schema\/person\/fdc4b4dd64f9776d0ac79036e2811272\"},\"headline\":\"Milan nous enchante\",\"datePublished\":\"2023-04-26T15:23:24+00:00\",\"dateModified\":\"2023-04-27T06:39:37+00:00\",\"mainEntityOfPage\":{\"@id\":\"https:\/\/www.dressy.design\/fr\/milan-nous-enchante\/\"},\"wordCount\":102,\"image\":{\"@id\":\"https:\/\/www.dressy.design\/fr\/milan-nous-enchante\/#primaryimage\"},\"thumbnailUrl\":\"https:\/\/www.dressy.design\/wp-content\/uploads\/2023\/04\/Dressy_Salonedelmobile2023-postferia_LISTADO.jpg\",\"keywords\":[\"design\",\"dise\u00f1o milan salonedelmobile interiorismo mobiliario novedades\",\"dise\u00f1o milan salonedelmobile interiorismo mobiliario novedades\",\"milan\",\"mobilier\",\"salonedelmobile\"],\"articleSection\":[\"Accueil\",\"Nouvelles\"],\"inLanguage\":\"fr-FR\"},{\"@type\":\"WebPage\",\"@id\":\"https:\/\/www.dressy.design\/fr\/milan-nous-enchante\/\",\"url\":\"https:\/\/www.dressy.design\/fr\/milan-nous-enchante\/\",\"name\":\"Milan nous enchante | Dressy\",\"isPartOf\":{\"@id\":\"https:\/\/www.dressy.design\/fr\/#website\"},\"primaryImageOfPage\":{\"@id\":\"https:\/\/www.dressy.design\/fr\/milan-nous-enchante\/#primaryimage\"},\"image\":{\"@id\":\"https:\/\/www.dressy.design\/fr\/milan-nous-enchante\/#primaryimage\"},\"thumbnailUrl\":\"https:\/\/www.dressy.design\/wp-content\/uploads\/2023\/04\/Dressy_Salonedelmobile2023-postferia_LISTADO.jpg\",\"datePublished\":\"2023-04-26T15:23:24+00:00\",\"dateModified\":\"2023-04-27T06:39:37+00:00\",\"author\":{\"@id\":\"https:\/\/www.dressy.design\/fr\/#\/schema\/person\/fdc4b4dd64f9776d0ac79036e2811272\"},\"description\":\"Sur tous les agendas des amoureux et professionnels du design y est inscrit ce fameux Salon du Mobilier, qui r\u00e9unit les entreprises et designers les plus importants du secteur, d\u00e9voilant leurs nouveaut\u00e9s au monde entie\",\"breadcrumb\":{\"@id\":\"https:\/\/www.dressy.design\/fr\/milan-nous-enchante\/#breadcrumb\"},\"inLanguage\":\"fr-FR\",\"potentialAction\":[{\"@type\":\"ReadAction\",\"target\":[\"https:\/\/www.dressy.design\/fr\/milan-nous-enchante\/\"]}]},{\"@type\":\"ImageObject\",\"inLanguage\":\"fr-FR\",\"@id\":\"https:\/\/www.dressy.design\/fr\/milan-nous-enchante\/#primaryimage\",\"url\":\"https:\/\/www.dressy.design\/wp-content\/uploads\/2023\/04\/Dressy_Salonedelmobile2023-postferia_LISTADO.jpg\",\"contentUrl\":\"https:\/\/www.dressy.design\/wp-content\/uploads\/2023\/04\/Dressy_Salonedelmobile2023-postferia_LISTADO.jpg\",\"width\":564,\"height\":564},{\"@type\":\"BreadcrumbList\",\"@id\":\"https:\/\/www.dressy.design\/fr\/milan-nous-enchante\/#breadcrumb\",\"itemListElement\":[{\"@type\":\"ListItem\",\"position\":1,\"name\":\"Portada\",\"item\":\"https:\/\/www.dressy.design\/fr\/\"},{\"@type\":\"ListItem\",\"position\":2,\"name\":\"Milan nous enchante\"}]},{\"@type\":\"WebSite\",\"@id\":\"https:\/\/www.dressy.design\/fr\/#website\",\"url\":\"https:\/\/www.dressy.design\/fr\/\",\"name\":\"Dressy\",\"description\":\"Sillas y mesas de m\u00e1xima calidad y dise\u00f1o\",\"potentialAction\":[{\"@type\":\"SearchAction\",\"target\":{\"@type\":\"EntryPoint\",\"urlTemplate\":\"https:\/\/www.dressy.design\/fr\/?s={search_term_string}\"},\"query-input\":{\"@type\":\"PropertyValueSpecification\",\"valueRequired\":true,\"valueName\":\"search_term_string\"}}],\"inLanguage\":\"fr-FR\"},{\"@type\":\"Person\",\"@id\":\"https:\/\/www.dressy.design\/fr\/#\/schema\/person\/fdc4b4dd64f9776d0ac79036e2811272\",\"name\":\"Ferran\",\"image\":{\"@type\":\"ImageObject\",\"inLanguage\":\"fr-FR\",\"@id\":\"https:\/\/secure.gravatar.com\/avatar\/bfd07f6c35243c7ec7cb3c1471b1047b5a0d91d02f03dd56b0ce01a25ad60cc5?s=96&d=mm&r=g\",\"url\":\"https:\/\/secure.gravatar.com\/avatar\/bfd07f6c35243c7ec7cb3c1471b1047b5a0d91d02f03dd56b0ce01a25ad60cc5?s=96&d=mm&r=g\",\"contentUrl\":\"https:\/\/secure.gravatar.com\/avatar\/bfd07f6c35243c7ec7cb3c1471b1047b5a0d91d02f03dd56b0ce01a25ad60cc5?s=96&d=mm&r=g\",\"caption\":\"Ferran\"},\"url\":\"https:\/\/www.dressy.design\/fr\/author\/ferran\/\"}]}<\/script>\n<!-- \/ Yoast SEO plugin. -->","yoast_head_json":{"title":"Milan nous enchante | Dressy","description":"Sur tous les agendas des amoureux et professionnels du design y est inscrit ce fameux Salon du Mobilier, qui r\u00e9unit les entreprises et designers les plus importants du secteur, d\u00e9voilant leurs nouveaut\u00e9s au monde entie","robots":{"index":"index","follow":"follow","max-snippet":"max-snippet:-1","max-image-preview":"max-image-preview:large","max-video-preview":"max-video-preview:-1"},"canonical":"https:\/\/www.dressy.design\/fr\/milan-nous-enchante\/","og_locale":"fr_FR","og_type":"article","og_title":"Milan nous enchante | Dressy","og_description":"Sur tous les agendas des amoureux et professionnels du design y est inscrit ce fameux Salon du Mobilier, qui r\u00e9unit les entreprises et designers les plus importants du secteur, d\u00e9voilant leurs nouveaut\u00e9s au monde entie","og_url":"https:\/\/www.dressy.design\/fr\/milan-nous-enchante\/","og_site_name":"Dressy","article_published_time":"2023-04-26T15:23:24+00:00","article_modified_time":"2023-04-27T06:39:37+00:00","og_image":[{"width":564,"height":564,"url":"https:\/\/www.dressy.design\/wp-content\/uploads\/2023\/04\/Dressy_Salonedelmobile2023-postferia_LISTADO.jpg","type":"image\/jpeg"}],"author":"Ferran","twitter_card":"summary_large_image","twitter_misc":{"\u00c9crit par":"Ferran","Dur\u00e9e de lecture estim\u00e9e":"2 minutes"},"schema":{"@context":"https:\/\/schema.org","@graph":[{"@type":"Article","@id":"https:\/\/www.dressy.design\/fr\/milan-nous-enchante\/#article","isPartOf":{"@id":"https:\/\/www.dressy.design\/fr\/milan-nous-enchante\/"},"author":{"name":"Ferran","@id":"https:\/\/www.dressy.design\/fr\/#\/schema\/person\/fdc4b4dd64f9776d0ac79036e2811272"},"headline":"Milan nous enchante","datePublished":"2023-04-26T15:23:24+00:00","dateModified":"2023-04-27T06:39:37+00:00","mainEntityOfPage":{"@id":"https:\/\/www.dressy.design\/fr\/milan-nous-enchante\/"},"wordCount":102,"image":{"@id":"https:\/\/www.dressy.design\/fr\/milan-nous-enchante\/#primaryimage"},"thumbnailUrl":"https:\/\/www.dressy.design\/wp-content\/uploads\/2023\/04\/Dressy_Salonedelmobile2023-postferia_LISTADO.jpg","keywords":["design","dise\u00f1o milan salonedelmobile interiorismo mobiliario novedades","dise\u00f1o milan salonedelmobile interiorismo mobiliario novedades","milan","mobilier","salonedelmobile"],"articleSection":["Accueil","Nouvelles"],"inLanguage":"fr-FR"},{"@type":"WebPage","@id":"https:\/\/www.dressy.design\/fr\/milan-nous-enchante\/","url":"https:\/\/www.dressy.design\/fr\/milan-nous-enchante\/","name":"Milan nous enchante | Dressy","isPartOf":{"@id":"https:\/\/www.dressy.design\/fr\/#website"},"primaryImageOfPage":{"@id":"https:\/\/www.dressy.design\/fr\/milan-nous-enchante\/#primaryimage"},"image":{"@id":"https:\/\/www.dressy.design\/fr\/milan-nous-enchante\/#primaryimage"},"thumbnailUrl":"https:\/\/www.dressy.design\/wp-content\/uploads\/2023\/04\/Dressy_Salonedelmobile2023-postferia_LISTADO.jpg","datePublished":"2023-04-26T15:23:24+00:00","dateModified":"2023-04-27T06:39:37+00:00","author":{"@id":"https:\/\/www.dressy.design\/fr\/#\/schema\/person\/fdc4b4dd64f9776d0ac79036e2811272"},"description":"Sur tous les agendas des amoureux et professionnels du design y est inscrit ce fameux Salon du Mobilier, qui r\u00e9unit les entreprises et designers les plus importants du secteur, d\u00e9voilant leurs nouveaut\u00e9s au monde entie","breadcrumb":{"@id":"https:\/\/www.dressy.design\/fr\/milan-nous-enchante\/#breadcrumb"},"inLanguage":"fr-FR","potentialAction":[{"@type":"ReadAction","target":["https:\/\/www.dressy.design\/fr\/milan-nous-enchante\/"]}]},{"@type":"ImageObject","inLanguage":"fr-FR","@id":"https:\/\/www.dressy.design\/fr\/milan-nous-enchante\/#primaryimage","url":"https:\/\/www.dressy.design\/wp-content\/uploads\/2023\/04\/Dressy_Salonedelmobile2023-postferia_LISTADO.jpg","contentUrl":"https:\/\/www.dressy.design\/wp-content\/uploads\/2023\/04\/Dressy_Salonedelmobile2023-postferia_LISTADO.jpg","width":564,"height":564},{"@type":"BreadcrumbList","@id":"https:\/\/www.dressy.design\/fr\/milan-nous-enchante\/#breadcrumb","itemListElement":[{"@type":"ListItem","position":1,"name":"Portada","item":"https:\/\/www.dressy.design\/fr\/"},{"@type":"ListItem","position":2,"name":"Milan nous enchante"}]},{"@type":"WebSite","@id":"https:\/\/www.dressy.design\/fr\/#website","url":"https:\/\/www.dressy.design\/fr\/","name":"Dressy","description":"Sillas y mesas de m\u00e1xima calidad y dise\u00f1o","potentialAction":[{"@type":"SearchAction","target":{"@type":"EntryPoint","urlTemplate":"https:\/\/www.dressy.design\/fr\/?s={search_term_string}"},"query-input":{"@type":"PropertyValueSpecification","valueRequired":true,"valueName":"search_term_string"}}],"inLanguage":"fr-FR"},{"@type":"Person","@id":"https:\/\/www.dressy.design\/fr\/#\/schema\/person\/fdc4b4dd64f9776d0ac79036e2811272","name":"Ferran","image":{"@type":"ImageObject","inLanguage":"fr-FR","@id":"https:\/\/secure.gravatar.com\/avatar\/bfd07f6c35243c7ec7cb3c1471b1047b5a0d91d02f03dd56b0ce01a25ad60cc5?s=96&d=mm&r=g","url":"https:\/\/secure.gravatar.com\/avatar\/bfd07f6c35243c7ec7cb3c1471b1047b5a0d91d02f03dd56b0ce01a25ad60cc5?s=96&d=mm&r=g","contentUrl":"https:\/\/secure.gravatar.com\/avatar\/bfd07f6c35243c7ec7cb3c1471b1047b5a0d91d02f03dd56b0ce01a25ad60cc5?s=96&d=mm&r=g","caption":"Ferran"},"url":"https:\/\/www.dressy.design\/fr\/author\/ferran\/"}]}},"_links":{"self":[{"href":"https:\/\/www.dressy.design\/fr\/wp-json\/wp\/v2\/posts\/6752","targetHints":{"allow":["GET"]}}],"collection":[{"href":"https:\/\/www.dressy.design\/fr\/wp-json\/wp\/v2\/posts"}],"about":[{"href":"https:\/\/www.dressy.design\/fr\/wp-json\/wp\/v2\/types\/post"}],"author":[{"embeddable":true,"href":"https:\/\/www.dressy.design\/fr\/wp-json\/wp\/v2\/users\/5"}],"replies":[{"embeddable":true,"href":"https:\/\/www.dressy.design\/fr\/wp-json\/wp\/v2\/comments?post=6752"}],"version-history":[{"count":2,"href":"https:\/\/www.dressy.design\/fr\/wp-json\/wp\/v2\/posts\/6752\/revisions"}],"predecessor-version":[{"id":6765,"href":"https:\/\/www.dressy.design\/fr\/wp-json\/wp\/v2\/posts\/6752\/revisions\/6765"}],"wp:featuredmedia":[{"embeddable":true,"href":"https:\/\/www.dressy.design\/fr\/wp-json\/wp\/v2\/media\/6743"}],"wp:attachment":[{"href":"https:\/\/www.dressy.design\/fr\/wp-json\/wp\/v2\/media?parent=6752"}],"wp:term":[{"taxonomy":"category","embeddable":true,"href":"https:\/\/www.dressy.design\/fr\/wp-json\/wp\/v2\/categories?post=6752"},{"taxonomy":"post_tag","embeddable":true,"href":"https:\/\/www.dressy.design\/fr\/wp-json\/wp\/v2\/tags?post=6752"}],"curies":[{"name":"wp","href":"https:\/\/api.w.org\/{rel}","templated":true}]}}