{"id":7030,"date":"2023-12-11T10:21:11","date_gmt":"2023-12-11T09:21:11","guid":{"rendered":"https:\/\/www.dressy.design\/?p=7030"},"modified":"2023-12-12T08:41:44","modified_gmt":"2023-12-12T07:41:44","slug":"dressy-fete-ses-10-ans-a-espritmeuble","status":"publish","type":"post","link":"https:\/\/www.dressy.design\/fr\/dressy-fete-ses-10-ans-a-espritmeuble\/","title":{"rendered":"Dressy f\u00eate ses 10 ans \u00e0 Espritmeuble"},"content":{"rendered":"\n\n\n<figure class=\"wp-block-image size-full is-resized\"><img decoding=\"async\" src=\"https:\/\/www.dressy.design\/wp-content\/uploads\/2023\/12\/Espritmeuble-2023_02.jpg\" alt=\"\" class=\"wp-image-6960\" width=\"1000\" srcset=\"https:\/\/www.dressy.design\/wp-content\/uploads\/2023\/12\/Espritmeuble-2023_02.jpg 962w, https:\/\/www.dressy.design\/wp-content\/uploads\/2023\/12\/Espritmeuble-2023_02-150x100.jpg 150w, https:\/\/www.dressy.design\/wp-content\/uploads\/2023\/12\/Espritmeuble-2023_02-768x513.jpg 768w, https:\/\/www.dressy.design\/wp-content\/uploads\/2023\/12\/Espritmeuble-2023_02-300x200.jpg 300w, https:\/\/www.dressy.design\/wp-content\/uploads\/2023\/12\/Espritmeuble-2023_02-600x400.jpg 600w\" sizes=\"(max-width: 962px) 100vw, 962px\" \/><\/figure>\n\n\n\n<div style=\"height:30px\" aria-hidden=\"true\" class=\"wp-block-spacer\"><\/div>\n\n\n\n<p>Dressy a f\u00eat\u00e9 ses 10 ans dans le lieu m\u00eame o\u00f9 il a \u00e9t\u00e9 pr\u00e9sent\u00e9 au monde. A cette occasion si sp\u00e9ciale, le stand a \u00e9t\u00e9 divis\u00e9 en deux espaces tr\u00e8s clairement diff\u00e9renci\u00e9s. D&rsquo;une part, un espace avec deux ensembles pr\u00e9sentant les derni\u00e8res nouveaut\u00e9s de la marque comme la table BERTIZ, la collection de meubles de rangement MILES ou le canap\u00e9 BALMA entre autres. <\/p>\n\n\n\n<div style=\"height:30px\" aria-hidden=\"true\" class=\"wp-block-spacer\"><\/div>\n\n\n\n<figure class=\"wp-block-gallery has-nested-images columns-default is-cropped wp-block-gallery-1 is-layout-flex wp-block-gallery-is-layout-flex\">\n<figure class=\"wp-block-image size-large\"><img loading=\"lazy\" decoding=\"async\" width=\"637\" height=\"956\" data-id=\"6999\" src=\"https:\/\/www.dressy.design\/wp-content\/uploads\/2023\/12\/Espritmeuble-2023_03.jpg\" alt=\"\" class=\"wp-image-6999\" srcset=\"https:\/\/www.dressy.design\/wp-content\/uploads\/2023\/12\/Espritmeuble-2023_03.jpg 637w, https:\/\/www.dressy.design\/wp-content\/uploads\/2023\/12\/Espritmeuble-2023_03-150x225.jpg 150w, https:\/\/www.dressy.design\/wp-content\/uploads\/2023\/12\/Espritmeuble-2023_03-300x450.jpg 300w, https:\/\/www.dressy.design\/wp-content\/uploads\/2023\/12\/Espritmeuble-2023_03-600x900.jpg 600w\" sizes=\"auto, (max-width: 637px) 100vw, 637px\" \/><\/figure>\n\n\n\n<figure class=\"wp-block-image size-large\"><img loading=\"lazy\" decoding=\"async\" width=\"638\" height=\"956\" data-id=\"7003\" src=\"https:\/\/www.dressy.design\/wp-content\/uploads\/2023\/12\/Espritmeuble-2023_11.jpg\" alt=\"\" class=\"wp-image-7003\" srcset=\"https:\/\/www.dressy.design\/wp-content\/uploads\/2023\/12\/Espritmeuble-2023_11.jpg 638w, https:\/\/www.dressy.design\/wp-content\/uploads\/2023\/12\/Espritmeuble-2023_11-150x225.jpg 150w, https:\/\/www.dressy.design\/wp-content\/uploads\/2023\/12\/Espritmeuble-2023_11-300x450.jpg 300w, https:\/\/www.dressy.design\/wp-content\/uploads\/2023\/12\/Espritmeuble-2023_11-600x899.jpg 600w\" sizes=\"auto, (max-width: 638px) 100vw, 638px\" \/><\/figure>\n\n\n\n<figure class=\"wp-block-image size-large\"><img loading=\"lazy\" decoding=\"async\" width=\"638\" height=\"956\" data-id=\"6992\" src=\"https:\/\/www.dressy.design\/wp-content\/uploads\/2023\/12\/Espritmeuble-2023_05.jpg\" alt=\"\" class=\"wp-image-6992\" srcset=\"https:\/\/www.dressy.design\/wp-content\/uploads\/2023\/12\/Espritmeuble-2023_05.jpg 638w, https:\/\/www.dressy.design\/wp-content\/uploads\/2023\/12\/Espritmeuble-2023_05-150x225.jpg 150w, https:\/\/www.dressy.design\/wp-content\/uploads\/2023\/12\/Espritmeuble-2023_05-300x450.jpg 300w, https:\/\/www.dressy.design\/wp-content\/uploads\/2023\/12\/Espritmeuble-2023_05-600x899.jpg 600w\" sizes=\"auto, (max-width: 638px) 100vw, 638px\" \/><\/figure>\n\n\n\n<figure class=\"wp-block-image size-large\"><img loading=\"lazy\" decoding=\"async\" width=\"962\" height=\"642\" data-id=\"6996\" src=\"https:\/\/www.dressy.design\/wp-content\/uploads\/2023\/12\/Espritmeuble-2023_01.jpg\" alt=\"\" class=\"wp-image-6996\" srcset=\"https:\/\/www.dressy.design\/wp-content\/uploads\/2023\/12\/Espritmeuble-2023_01.jpg 962w, https:\/\/www.dressy.design\/wp-content\/uploads\/2023\/12\/Espritmeuble-2023_01-150x100.jpg 150w, https:\/\/www.dressy.design\/wp-content\/uploads\/2023\/12\/Espritmeuble-2023_01-768x513.jpg 768w, https:\/\/www.dressy.design\/wp-content\/uploads\/2023\/12\/Espritmeuble-2023_01-300x200.jpg 300w, https:\/\/www.dressy.design\/wp-content\/uploads\/2023\/12\/Espritmeuble-2023_01-600x400.jpg 600w\" sizes=\"auto, (max-width: 962px) 100vw, 962px\" \/><\/figure>\n<\/figure>\n\n\n\n<div style=\"height:30px\" aria-hidden=\"true\" class=\"wp-block-spacer\"><\/div>\n\n\n\n<p>D&rsquo;autre part, une \u00ab\u00a0salle obscure\u00a0\u00bb a \u00e9t\u00e9 am\u00e9nag\u00e9e pour le 10e anniversaire, \u00e0 laquelle on acc\u00e9dait par un \u00e9l\u00e9gant rideau. Une fois \u00e0 l&rsquo;int\u00e9rieur, les visiteurs ont pu d\u00e9couvrir les chaises et les tables que la marque a pr\u00e9sent\u00e9es au cours de cette fructueuse d\u00e9cennie. Le style et la d\u00e9coration de cette salle ont suscit\u00e9 beaucoup d&rsquo;int\u00e9r\u00eat tout au long de la foire.<\/p>\n\n\n\n<p>Merci beaucoup \u00e0 vous tous d&rsquo;\u00eatre venus nous voir lors de cette \u00e9dition tr\u00e8s sp\u00e9ciale, et \u00e0 la prochaine !<\/p>\n\n\n\n<div style=\"height:30px\" aria-hidden=\"true\" class=\"wp-block-spacer\"><\/div>\n\n\n\n<figure class=\"wp-block-gallery has-nested-images columns-default is-cropped wp-block-gallery-2 is-layout-flex wp-block-gallery-is-layout-flex\">\n<figure class=\"wp-block-image size-large\"><img loading=\"lazy\" decoding=\"async\" width=\"642\" height=\"962\" data-id=\"6972\" src=\"https:\/\/www.dressy.design\/wp-content\/uploads\/2023\/12\/Espritmeuble-2023_06.jpg\" alt=\"\" class=\"wp-image-6972\" srcset=\"https:\/\/www.dressy.design\/wp-content\/uploads\/2023\/12\/Espritmeuble-2023_06.jpg 642w, https:\/\/www.dressy.design\/wp-content\/uploads\/2023\/12\/Espritmeuble-2023_06-150x225.jpg 150w, https:\/\/www.dressy.design\/wp-content\/uploads\/2023\/12\/Espritmeuble-2023_06-300x450.jpg 300w, https:\/\/www.dressy.design\/wp-content\/uploads\/2023\/12\/Espritmeuble-2023_06-600x899.jpg 600w\" sizes=\"auto, (max-width: 642px) 100vw, 642px\" \/><\/figure>\n\n\n\n<figure class=\"wp-block-image size-large\"><img loading=\"lazy\" decoding=\"async\" width=\"954\" height=\"637\" data-id=\"6976\" src=\"https:\/\/www.dressy.design\/wp-content\/uploads\/2023\/12\/Espritmeuble-2023_10.jpg\" alt=\"\" class=\"wp-image-6976\" srcset=\"https:\/\/www.dressy.design\/wp-content\/uploads\/2023\/12\/Espritmeuble-2023_10.jpg 954w, https:\/\/www.dressy.design\/wp-content\/uploads\/2023\/12\/Espritmeuble-2023_10-150x100.jpg 150w, https:\/\/www.dressy.design\/wp-content\/uploads\/2023\/12\/Espritmeuble-2023_10-768x513.jpg 768w, https:\/\/www.dressy.design\/wp-content\/uploads\/2023\/12\/Espritmeuble-2023_10-300x200.jpg 300w, https:\/\/www.dressy.design\/wp-content\/uploads\/2023\/12\/Espritmeuble-2023_10-600x401.jpg 600w\" sizes=\"auto, (max-width: 954px) 100vw, 954px\" \/><\/figure>\n\n\n\n<figure class=\"wp-block-image size-large\"><img loading=\"lazy\" decoding=\"async\" width=\"607\" height=\"909\" data-id=\"6964\" src=\"https:\/\/www.dressy.design\/wp-content\/uploads\/2023\/12\/Espritmeuble-2023_12.jpg\" alt=\"\" class=\"wp-image-6964\" srcset=\"https:\/\/www.dressy.design\/wp-content\/uploads\/2023\/12\/Espritmeuble-2023_12.jpg 607w, https:\/\/www.dressy.design\/wp-content\/uploads\/2023\/12\/Espritmeuble-2023_12-150x225.jpg 150w, https:\/\/www.dressy.design\/wp-content\/uploads\/2023\/12\/Espritmeuble-2023_12-300x449.jpg 300w, https:\/\/www.dressy.design\/wp-content\/uploads\/2023\/12\/Espritmeuble-2023_12-600x899.jpg 600w\" sizes=\"auto, (max-width: 607px) 100vw, 607px\" \/><\/figure>\n\n\n\n<figure class=\"wp-block-image size-full\"><img loading=\"lazy\" decoding=\"async\" width=\"954\" height=\"636\" data-id=\"6984\" src=\"https:\/\/www.dressy.design\/wp-content\/uploads\/2023\/12\/Espritmeuble-2023_08.jpg\" alt=\"\" class=\"wp-image-6984\" srcset=\"https:\/\/www.dressy.design\/wp-content\/uploads\/2023\/12\/Espritmeuble-2023_08.jpg 954w, https:\/\/www.dressy.design\/wp-content\/uploads\/2023\/12\/Espritmeuble-2023_08-150x100.jpg 150w, https:\/\/www.dressy.design\/wp-content\/uploads\/2023\/12\/Espritmeuble-2023_08-768x512.jpg 768w, https:\/\/www.dressy.design\/wp-content\/uploads\/2023\/12\/Espritmeuble-2023_08-300x200.jpg 300w, https:\/\/www.dressy.design\/wp-content\/uploads\/2023\/12\/Espritmeuble-2023_08-600x400.jpg 600w\" sizes=\"auto, (max-width: 954px) 100vw, 954px\" \/><\/figure>\n<\/figure>\n","protected":false},"excerpt":{"rendered":"<p>Dressy a f\u00eat\u00e9 ses 10 ans dans le lieu m\u00eame o\u00f9 il a \u00e9t\u00e9 pr\u00e9sent\u00e9 au monde. A cette occasion si sp\u00e9ciale, le stand a \u00e9t\u00e9 divis\u00e9 en deux espaces tr\u00e8s clairement diff\u00e9renci\u00e9.<\/p>\n","protected":false},"author":5,"featured_media":7022,"comment_status":"closed","ping_status":"closed","sticky":false,"template":"","format":"standard","meta":{"_acf_changed":false,"footnotes":""},"categories":[35,41],"tags":[],"class_list":["post-7030","post","type-post","status-publish","format-standard","has-post-thumbnail","hentry","category-nouvelles-accueil","category-nouvelles"],"acf":[],"yoast_head":"<!-- This site is optimized with the Yoast SEO plugin v27.2 - https:\/\/yoast.com\/product\/yoast-seo-wordpress\/ -->\n<title>Dressy f\u00eate ses 10 ans \u00e0 Espritmeuble | Dressy<\/title>\n<meta name=\"description\" content=\"Dressy a f\u00eat\u00e9 ses 10 ans dans le lieu m\u00eame o\u00f9 il a \u00e9t\u00e9 pr\u00e9sent\u00e9 au monde. A cette occasion si sp\u00e9ciale, le stand a \u00e9t\u00e9 divis\u00e9 en deux espaces tr\u00e8s clairement diff\u00e9renci\u00e9\" \/>\n<meta name=\"robots\" content=\"index, follow, max-snippet:-1, max-image-preview:large, max-video-preview:-1\" \/>\n<link rel=\"canonical\" href=\"https:\/\/www.dressy.design\/fr\/dressy-fete-ses-10-ans-a-espritmeuble\/\" \/>\n<meta property=\"og:locale\" content=\"fr_FR\" \/>\n<meta property=\"og:type\" content=\"article\" \/>\n<meta property=\"og:title\" content=\"Dressy f\u00eate ses 10 ans \u00e0 Espritmeuble | Dressy\" \/>\n<meta property=\"og:description\" content=\"Dressy a f\u00eat\u00e9 ses 10 ans dans le lieu m\u00eame o\u00f9 il a \u00e9t\u00e9 pr\u00e9sent\u00e9 au monde. A cette occasion si sp\u00e9ciale, le stand a \u00e9t\u00e9 divis\u00e9 en deux espaces tr\u00e8s clairement diff\u00e9renci\u00e9\" \/>\n<meta property=\"og:url\" content=\"https:\/\/www.dressy.design\/fr\/dressy-fete-ses-10-ans-a-espritmeuble\/\" \/>\n<meta property=\"og:site_name\" content=\"Dressy\" \/>\n<meta property=\"article:published_time\" content=\"2023-12-11T09:21:11+00:00\" \/>\n<meta property=\"article:modified_time\" content=\"2023-12-12T07:41:44+00:00\" \/>\n<meta property=\"og:image\" content=\"https:\/\/www.dressy.design\/wp-content\/uploads\/2023\/12\/Dressy_post-Espritmeuble_list_02.jpg\" \/>\n\t<meta property=\"og:image:width\" content=\"564\" \/>\n\t<meta property=\"og:image:height\" content=\"564\" \/>\n\t<meta property=\"og:image:type\" content=\"image\/jpeg\" \/>\n<meta name=\"author\" content=\"Ferran\" \/>\n<meta name=\"twitter:card\" content=\"summary_large_image\" \/>\n<meta name=\"twitter:label1\" content=\"\u00c9crit par\" \/>\n\t<meta name=\"twitter:data1\" content=\"Ferran\" \/>\n\t<meta name=\"twitter:label2\" content=\"Dur\u00e9e de lecture estim\u00e9e\" \/>\n\t<meta name=\"twitter:data2\" content=\"3 minutes\" \/>\n<script type=\"application\/ld+json\" class=\"yoast-schema-graph\">{\"@context\":\"https:\/\/schema.org\",\"@graph\":[{\"@type\":\"Article\",\"@id\":\"https:\/\/www.dressy.design\/fr\/dressy-fete-ses-10-ans-a-espritmeuble\/#article\",\"isPartOf\":{\"@id\":\"https:\/\/www.dressy.design\/fr\/dressy-fete-ses-10-ans-a-espritmeuble\/\"},\"author\":{\"name\":\"Ferran\",\"@id\":\"https:\/\/www.dressy.design\/fr\/#\/schema\/person\/fdc4b4dd64f9776d0ac79036e2811272\"},\"headline\":\"Dressy f\u00eate ses 10 ans \u00e0 Espritmeuble\",\"datePublished\":\"2023-12-11T09:21:11+00:00\",\"dateModified\":\"2023-12-12T07:41:44+00:00\",\"mainEntityOfPage\":{\"@id\":\"https:\/\/www.dressy.design\/fr\/dressy-fete-ses-10-ans-a-espritmeuble\/\"},\"wordCount\":172,\"image\":{\"@id\":\"https:\/\/www.dressy.design\/fr\/dressy-fete-ses-10-ans-a-espritmeuble\/#primaryimage\"},\"thumbnailUrl\":\"https:\/\/www.dressy.design\/wp-content\/uploads\/2023\/12\/Dressy_post-Espritmeuble_list_02.jpg\",\"articleSection\":[\"Accueil\",\"Nouvelles\"],\"inLanguage\":\"fr-FR\"},{\"@type\":\"WebPage\",\"@id\":\"https:\/\/www.dressy.design\/fr\/dressy-fete-ses-10-ans-a-espritmeuble\/\",\"url\":\"https:\/\/www.dressy.design\/fr\/dressy-fete-ses-10-ans-a-espritmeuble\/\",\"name\":\"Dressy f\u00eate ses 10 ans \u00e0 Espritmeuble | Dressy\",\"isPartOf\":{\"@id\":\"https:\/\/www.dressy.design\/fr\/#website\"},\"primaryImageOfPage\":{\"@id\":\"https:\/\/www.dressy.design\/fr\/dressy-fete-ses-10-ans-a-espritmeuble\/#primaryimage\"},\"image\":{\"@id\":\"https:\/\/www.dressy.design\/fr\/dressy-fete-ses-10-ans-a-espritmeuble\/#primaryimage\"},\"thumbnailUrl\":\"https:\/\/www.dressy.design\/wp-content\/uploads\/2023\/12\/Dressy_post-Espritmeuble_list_02.jpg\",\"datePublished\":\"2023-12-11T09:21:11+00:00\",\"dateModified\":\"2023-12-12T07:41:44+00:00\",\"author\":{\"@id\":\"https:\/\/www.dressy.design\/fr\/#\/schema\/person\/fdc4b4dd64f9776d0ac79036e2811272\"},\"description\":\"Dressy a f\u00eat\u00e9 ses 10 ans dans le lieu m\u00eame o\u00f9 il a \u00e9t\u00e9 pr\u00e9sent\u00e9 au monde. A cette occasion si sp\u00e9ciale, le stand a \u00e9t\u00e9 divis\u00e9 en deux espaces tr\u00e8s clairement diff\u00e9renci\u00e9\",\"breadcrumb\":{\"@id\":\"https:\/\/www.dressy.design\/fr\/dressy-fete-ses-10-ans-a-espritmeuble\/#breadcrumb\"},\"inLanguage\":\"fr-FR\",\"potentialAction\":[{\"@type\":\"ReadAction\",\"target\":[\"https:\/\/www.dressy.design\/fr\/dressy-fete-ses-10-ans-a-espritmeuble\/\"]}]},{\"@type\":\"ImageObject\",\"inLanguage\":\"fr-FR\",\"@id\":\"https:\/\/www.dressy.design\/fr\/dressy-fete-ses-10-ans-a-espritmeuble\/#primaryimage\",\"url\":\"https:\/\/www.dressy.design\/wp-content\/uploads\/2023\/12\/Dressy_post-Espritmeuble_list_02.jpg\",\"contentUrl\":\"https:\/\/www.dressy.design\/wp-content\/uploads\/2023\/12\/Dressy_post-Espritmeuble_list_02.jpg\",\"width\":564,\"height\":564},{\"@type\":\"BreadcrumbList\",\"@id\":\"https:\/\/www.dressy.design\/fr\/dressy-fete-ses-10-ans-a-espritmeuble\/#breadcrumb\",\"itemListElement\":[{\"@type\":\"ListItem\",\"position\":1,\"name\":\"Portada\",\"item\":\"https:\/\/www.dressy.design\/fr\/\"},{\"@type\":\"ListItem\",\"position\":2,\"name\":\"Dressy f\u00eate ses 10 ans \u00e0 Espritmeuble\"}]},{\"@type\":\"WebSite\",\"@id\":\"https:\/\/www.dressy.design\/fr\/#website\",\"url\":\"https:\/\/www.dressy.design\/fr\/\",\"name\":\"Dressy\",\"description\":\"Sillas y mesas de m\u00e1xima calidad y dise\u00f1o\",\"potentialAction\":[{\"@type\":\"SearchAction\",\"target\":{\"@type\":\"EntryPoint\",\"urlTemplate\":\"https:\/\/www.dressy.design\/fr\/?s={search_term_string}\"},\"query-input\":{\"@type\":\"PropertyValueSpecification\",\"valueRequired\":true,\"valueName\":\"search_term_string\"}}],\"inLanguage\":\"fr-FR\"},{\"@type\":\"Person\",\"@id\":\"https:\/\/www.dressy.design\/fr\/#\/schema\/person\/fdc4b4dd64f9776d0ac79036e2811272\",\"name\":\"Ferran\",\"image\":{\"@type\":\"ImageObject\",\"inLanguage\":\"fr-FR\",\"@id\":\"https:\/\/secure.gravatar.com\/avatar\/bfd07f6c35243c7ec7cb3c1471b1047b5a0d91d02f03dd56b0ce01a25ad60cc5?s=96&d=mm&r=g\",\"url\":\"https:\/\/secure.gravatar.com\/avatar\/bfd07f6c35243c7ec7cb3c1471b1047b5a0d91d02f03dd56b0ce01a25ad60cc5?s=96&d=mm&r=g\",\"contentUrl\":\"https:\/\/secure.gravatar.com\/avatar\/bfd07f6c35243c7ec7cb3c1471b1047b5a0d91d02f03dd56b0ce01a25ad60cc5?s=96&d=mm&r=g\",\"caption\":\"Ferran\"},\"url\":\"https:\/\/www.dressy.design\/fr\/author\/ferran\/\"}]}<\/script>\n<!-- \/ Yoast SEO plugin. -->","yoast_head_json":{"title":"Dressy f\u00eate ses 10 ans \u00e0 Espritmeuble | Dressy","description":"Dressy a f\u00eat\u00e9 ses 10 ans dans le lieu m\u00eame o\u00f9 il a \u00e9t\u00e9 pr\u00e9sent\u00e9 au monde. A cette occasion si sp\u00e9ciale, le stand a \u00e9t\u00e9 divis\u00e9 en deux espaces tr\u00e8s clairement diff\u00e9renci\u00e9","robots":{"index":"index","follow":"follow","max-snippet":"max-snippet:-1","max-image-preview":"max-image-preview:large","max-video-preview":"max-video-preview:-1"},"canonical":"https:\/\/www.dressy.design\/fr\/dressy-fete-ses-10-ans-a-espritmeuble\/","og_locale":"fr_FR","og_type":"article","og_title":"Dressy f\u00eate ses 10 ans \u00e0 Espritmeuble | Dressy","og_description":"Dressy a f\u00eat\u00e9 ses 10 ans dans le lieu m\u00eame o\u00f9 il a \u00e9t\u00e9 pr\u00e9sent\u00e9 au monde. A cette occasion si sp\u00e9ciale, le stand a \u00e9t\u00e9 divis\u00e9 en deux espaces tr\u00e8s clairement diff\u00e9renci\u00e9","og_url":"https:\/\/www.dressy.design\/fr\/dressy-fete-ses-10-ans-a-espritmeuble\/","og_site_name":"Dressy","article_published_time":"2023-12-11T09:21:11+00:00","article_modified_time":"2023-12-12T07:41:44+00:00","og_image":[{"width":564,"height":564,"url":"https:\/\/www.dressy.design\/wp-content\/uploads\/2023\/12\/Dressy_post-Espritmeuble_list_02.jpg","type":"image\/jpeg"}],"author":"Ferran","twitter_card":"summary_large_image","twitter_misc":{"\u00c9crit par":"Ferran","Dur\u00e9e de lecture estim\u00e9e":"3 minutes"},"schema":{"@context":"https:\/\/schema.org","@graph":[{"@type":"Article","@id":"https:\/\/www.dressy.design\/fr\/dressy-fete-ses-10-ans-a-espritmeuble\/#article","isPartOf":{"@id":"https:\/\/www.dressy.design\/fr\/dressy-fete-ses-10-ans-a-espritmeuble\/"},"author":{"name":"Ferran","@id":"https:\/\/www.dressy.design\/fr\/#\/schema\/person\/fdc4b4dd64f9776d0ac79036e2811272"},"headline":"Dressy f\u00eate ses 10 ans \u00e0 Espritmeuble","datePublished":"2023-12-11T09:21:11+00:00","dateModified":"2023-12-12T07:41:44+00:00","mainEntityOfPage":{"@id":"https:\/\/www.dressy.design\/fr\/dressy-fete-ses-10-ans-a-espritmeuble\/"},"wordCount":172,"image":{"@id":"https:\/\/www.dressy.design\/fr\/dressy-fete-ses-10-ans-a-espritmeuble\/#primaryimage"},"thumbnailUrl":"https:\/\/www.dressy.design\/wp-content\/uploads\/2023\/12\/Dressy_post-Espritmeuble_list_02.jpg","articleSection":["Accueil","Nouvelles"],"inLanguage":"fr-FR"},{"@type":"WebPage","@id":"https:\/\/www.dressy.design\/fr\/dressy-fete-ses-10-ans-a-espritmeuble\/","url":"https:\/\/www.dressy.design\/fr\/dressy-fete-ses-10-ans-a-espritmeuble\/","name":"Dressy f\u00eate ses 10 ans \u00e0 Espritmeuble | Dressy","isPartOf":{"@id":"https:\/\/www.dressy.design\/fr\/#website"},"primaryImageOfPage":{"@id":"https:\/\/www.dressy.design\/fr\/dressy-fete-ses-10-ans-a-espritmeuble\/#primaryimage"},"image":{"@id":"https:\/\/www.dressy.design\/fr\/dressy-fete-ses-10-ans-a-espritmeuble\/#primaryimage"},"thumbnailUrl":"https:\/\/www.dressy.design\/wp-content\/uploads\/2023\/12\/Dressy_post-Espritmeuble_list_02.jpg","datePublished":"2023-12-11T09:21:11+00:00","dateModified":"2023-12-12T07:41:44+00:00","author":{"@id":"https:\/\/www.dressy.design\/fr\/#\/schema\/person\/fdc4b4dd64f9776d0ac79036e2811272"},"description":"Dressy a f\u00eat\u00e9 ses 10 ans dans le lieu m\u00eame o\u00f9 il a \u00e9t\u00e9 pr\u00e9sent\u00e9 au monde. A cette occasion si sp\u00e9ciale, le stand a \u00e9t\u00e9 divis\u00e9 en deux espaces tr\u00e8s clairement diff\u00e9renci\u00e9","breadcrumb":{"@id":"https:\/\/www.dressy.design\/fr\/dressy-fete-ses-10-ans-a-espritmeuble\/#breadcrumb"},"inLanguage":"fr-FR","potentialAction":[{"@type":"ReadAction","target":["https:\/\/www.dressy.design\/fr\/dressy-fete-ses-10-ans-a-espritmeuble\/"]}]},{"@type":"ImageObject","inLanguage":"fr-FR","@id":"https:\/\/www.dressy.design\/fr\/dressy-fete-ses-10-ans-a-espritmeuble\/#primaryimage","url":"https:\/\/www.dressy.design\/wp-content\/uploads\/2023\/12\/Dressy_post-Espritmeuble_list_02.jpg","contentUrl":"https:\/\/www.dressy.design\/wp-content\/uploads\/2023\/12\/Dressy_post-Espritmeuble_list_02.jpg","width":564,"height":564},{"@type":"BreadcrumbList","@id":"https:\/\/www.dressy.design\/fr\/dressy-fete-ses-10-ans-a-espritmeuble\/#breadcrumb","itemListElement":[{"@type":"ListItem","position":1,"name":"Portada","item":"https:\/\/www.dressy.design\/fr\/"},{"@type":"ListItem","position":2,"name":"Dressy f\u00eate ses 10 ans \u00e0 Espritmeuble"}]},{"@type":"WebSite","@id":"https:\/\/www.dressy.design\/fr\/#website","url":"https:\/\/www.dressy.design\/fr\/","name":"Dressy","description":"Sillas y mesas de m\u00e1xima calidad y dise\u00f1o","potentialAction":[{"@type":"SearchAction","target":{"@type":"EntryPoint","urlTemplate":"https:\/\/www.dressy.design\/fr\/?s={search_term_string}"},"query-input":{"@type":"PropertyValueSpecification","valueRequired":true,"valueName":"search_term_string"}}],"inLanguage":"fr-FR"},{"@type":"Person","@id":"https:\/\/www.dressy.design\/fr\/#\/schema\/person\/fdc4b4dd64f9776d0ac79036e2811272","name":"Ferran","image":{"@type":"ImageObject","inLanguage":"fr-FR","@id":"https:\/\/secure.gravatar.com\/avatar\/bfd07f6c35243c7ec7cb3c1471b1047b5a0d91d02f03dd56b0ce01a25ad60cc5?s=96&d=mm&r=g","url":"https:\/\/secure.gravatar.com\/avatar\/bfd07f6c35243c7ec7cb3c1471b1047b5a0d91d02f03dd56b0ce01a25ad60cc5?s=96&d=mm&r=g","contentUrl":"https:\/\/secure.gravatar.com\/avatar\/bfd07f6c35243c7ec7cb3c1471b1047b5a0d91d02f03dd56b0ce01a25ad60cc5?s=96&d=mm&r=g","caption":"Ferran"},"url":"https:\/\/www.dressy.design\/fr\/author\/ferran\/"}]}},"_links":{"self":[{"href":"https:\/\/www.dressy.design\/fr\/wp-json\/wp\/v2\/posts\/7030","targetHints":{"allow":["GET"]}}],"collection":[{"href":"https:\/\/www.dressy.design\/fr\/wp-json\/wp\/v2\/posts"}],"about":[{"href":"https:\/\/www.dressy.design\/fr\/wp-json\/wp\/v2\/types\/post"}],"author":[{"embeddable":true,"href":"https:\/\/www.dressy.design\/fr\/wp-json\/wp\/v2\/users\/5"}],"replies":[{"embeddable":true,"href":"https:\/\/www.dressy.design\/fr\/wp-json\/wp\/v2\/comments?post=7030"}],"version-history":[{"count":2,"href":"https:\/\/www.dressy.design\/fr\/wp-json\/wp\/v2\/posts\/7030\/revisions"}],"predecessor-version":[{"id":7057,"href":"https:\/\/www.dressy.design\/fr\/wp-json\/wp\/v2\/posts\/7030\/revisions\/7057"}],"wp:featuredmedia":[{"embeddable":true,"href":"https:\/\/www.dressy.design\/fr\/wp-json\/wp\/v2\/media\/7022"}],"wp:attachment":[{"href":"https:\/\/www.dressy.design\/fr\/wp-json\/wp\/v2\/media?parent=7030"}],"wp:term":[{"taxonomy":"category","embeddable":true,"href":"https:\/\/www.dressy.design\/fr\/wp-json\/wp\/v2\/categories?post=7030"},{"taxonomy":"post_tag","embeddable":true,"href":"https:\/\/www.dressy.design\/fr\/wp-json\/wp\/v2\/tags?post=7030"}],"curies":[{"name":"wp","href":"https:\/\/api.w.org\/{rel}","templated":true}]}}