{"id":7235,"date":"2024-04-24T16:58:46","date_gmt":"2024-04-24T14:58:46","guid":{"rendered":"https:\/\/www.dressy.design\/?p=7235"},"modified":"2024-04-24T17:00:17","modified_gmt":"2024-04-24T15:00:17","slug":"amoureux-de-la-milan-design-week-2024","status":"publish","type":"post","link":"https:\/\/www.dressy.design\/fr\/amoureux-de-la-milan-design-week-2024\/","title":{"rendered":"Amoureux de la Milan design Week 2024"},"content":{"rendered":"\n\n\n<figure class=\"wp-block-image size-full\"><img loading=\"lazy\" decoding=\"async\" width=\"1128\" height=\"752\" src=\"https:\/\/www.dressy.design\/wp-content\/uploads\/2024\/04\/Dressy_Salone-del-Mobile-2024_POST_09.jpg\" alt=\"\" class=\"wp-image-7222\" srcset=\"https:\/\/www.dressy.design\/wp-content\/uploads\/2024\/04\/Dressy_Salone-del-Mobile-2024_POST_09.jpg 1128w, https:\/\/www.dressy.design\/wp-content\/uploads\/2024\/04\/Dressy_Salone-del-Mobile-2024_POST_09-150x100.jpg 150w, https:\/\/www.dressy.design\/wp-content\/uploads\/2024\/04\/Dressy_Salone-del-Mobile-2024_POST_09-768x512.jpg 768w, https:\/\/www.dressy.design\/wp-content\/uploads\/2024\/04\/Dressy_Salone-del-Mobile-2024_POST_09-300x200.jpg 300w, https:\/\/www.dressy.design\/wp-content\/uploads\/2024\/04\/Dressy_Salone-del-Mobile-2024_POST_09-600x400.jpg 600w\" sizes=\"auto, (max-width: 1128px) 100vw, 1128px\" \/><\/figure>\n\n\n\n<p><\/p>\n\n\n\n<p>La table \u00e0 rallonge Joplin avec plateau en c\u00e9ramique organique a \u00e9t\u00e9 la nouveaut\u00e9 la plus significative de la derni\u00e8re \u00e9dition du Salone Internazionale del Mobile. La collection de tables con\u00e7ues par Sergio Rochas est d\u00e9sormais disponible en version extensible et int\u00e8gre \u00e9galement cette forme sp\u00e9ciale de plateau si spectaculaire.<\/p>\n\n\n\n<p>De plus, l&rsquo;espace con\u00e7u pour l&rsquo;occasion comprenait la table basse Simone avec plateau en verre moul\u00e9 et une magnifique enfilade Miles \u00e0 six modules. Le tout avec les finitions les plus exclusives pour cr\u00e9er une ambiance vraiment \u00e9l\u00e9gante.<\/p>\n\n\n\n<p>Merci beaucoup \u00e0 vous tous de nous avoir rendu visite. A l&rsquo;ann\u00e9e prochaine !<\/p>\n\n\n\n<figure class=\"wp-block-image size-full\"><img loading=\"lazy\" decoding=\"async\" width=\"1128\" height=\"752\" src=\"https:\/\/www.dressy.design\/wp-content\/uploads\/2024\/04\/Salone-del-mobile-post_Noticias_Imagen-principal_840x564px.jpg\" alt=\"\" class=\"wp-image-7226\" srcset=\"https:\/\/www.dressy.design\/wp-content\/uploads\/2024\/04\/Salone-del-mobile-post_Noticias_Imagen-principal_840x564px.jpg 1128w, https:\/\/www.dressy.design\/wp-content\/uploads\/2024\/04\/Salone-del-mobile-post_Noticias_Imagen-principal_840x564px-150x100.jpg 150w, https:\/\/www.dressy.design\/wp-content\/uploads\/2024\/04\/Salone-del-mobile-post_Noticias_Imagen-principal_840x564px-768x512.jpg 768w, https:\/\/www.dressy.design\/wp-content\/uploads\/2024\/04\/Salone-del-mobile-post_Noticias_Imagen-principal_840x564px-300x200.jpg 300w, https:\/\/www.dressy.design\/wp-content\/uploads\/2024\/04\/Salone-del-mobile-post_Noticias_Imagen-principal_840x564px-600x400.jpg 600w\" sizes=\"auto, (max-width: 1128px) 100vw, 1128px\" \/><\/figure>\n\n\n\n<figure class=\"wp-block-gallery has-nested-images columns-default is-cropped wp-block-gallery-1 is-layout-flex wp-block-gallery-is-layout-flex\">\n<figure class=\"wp-block-image size-large\"><img loading=\"lazy\" decoding=\"async\" width=\"532\" height=\"797\" data-id=\"7198\" src=\"https:\/\/www.dressy.design\/wp-content\/uploads\/2024\/04\/Dressy_Salone-del-Mobile-2024_POST_02.jpg\" alt=\"\" class=\"wp-image-7198\" srcset=\"https:\/\/www.dressy.design\/wp-content\/uploads\/2024\/04\/Dressy_Salone-del-Mobile-2024_POST_02.jpg 532w, https:\/\/www.dressy.design\/wp-content\/uploads\/2024\/04\/Dressy_Salone-del-Mobile-2024_POST_02-150x225.jpg 150w, https:\/\/www.dressy.design\/wp-content\/uploads\/2024\/04\/Dressy_Salone-del-Mobile-2024_POST_02-300x449.jpg 300w\" sizes=\"auto, (max-width: 532px) 100vw, 532px\" \/><\/figure>\n\n\n\n<figure class=\"wp-block-image size-large\"><img loading=\"lazy\" decoding=\"async\" width=\"547\" height=\"766\" data-id=\"7206\" src=\"https:\/\/www.dressy.design\/wp-content\/uploads\/2024\/04\/Dressy_Salone-del-Mobile-2024_POST_05.jpg\" alt=\"\" class=\"wp-image-7206\" srcset=\"https:\/\/www.dressy.design\/wp-content\/uploads\/2024\/04\/Dressy_Salone-del-Mobile-2024_POST_05.jpg 547w, https:\/\/www.dressy.design\/wp-content\/uploads\/2024\/04\/Dressy_Salone-del-Mobile-2024_POST_05-150x210.jpg 150w, https:\/\/www.dressy.design\/wp-content\/uploads\/2024\/04\/Dressy_Salone-del-Mobile-2024_POST_05-300x420.jpg 300w\" sizes=\"auto, (max-width: 547px) 100vw, 547px\" \/><\/figure>\n\n\n\n<figure class=\"wp-block-image size-large\"><img loading=\"lazy\" decoding=\"async\" width=\"521\" height=\"781\" data-id=\"7210\" src=\"https:\/\/www.dressy.design\/wp-content\/uploads\/2024\/04\/Dressy_Salone-del-Mobile-2024_POST_03.jpg\" alt=\"\" class=\"wp-image-7210\" srcset=\"https:\/\/www.dressy.design\/wp-content\/uploads\/2024\/04\/Dressy_Salone-del-Mobile-2024_POST_03.jpg 521w, https:\/\/www.dressy.design\/wp-content\/uploads\/2024\/04\/Dressy_Salone-del-Mobile-2024_POST_03-150x225.jpg 150w, https:\/\/www.dressy.design\/wp-content\/uploads\/2024\/04\/Dressy_Salone-del-Mobile-2024_POST_03-300x450.jpg 300w\" sizes=\"auto, (max-width: 521px) 100vw, 521px\" \/><\/figure>\n\n\n\n<figure class=\"wp-block-image size-large\"><img loading=\"lazy\" decoding=\"async\" width=\"791\" height=\"527\" data-id=\"7202\" src=\"https:\/\/www.dressy.design\/wp-content\/uploads\/2024\/04\/Dressy_Salone-del-Mobile-2024_POST_04.jpg\" alt=\"\" class=\"wp-image-7202\" srcset=\"https:\/\/www.dressy.design\/wp-content\/uploads\/2024\/04\/Dressy_Salone-del-Mobile-2024_POST_04.jpg 791w, https:\/\/www.dressy.design\/wp-content\/uploads\/2024\/04\/Dressy_Salone-del-Mobile-2024_POST_04-150x100.jpg 150w, https:\/\/www.dressy.design\/wp-content\/uploads\/2024\/04\/Dressy_Salone-del-Mobile-2024_POST_04-768x512.jpg 768w, https:\/\/www.dressy.design\/wp-content\/uploads\/2024\/04\/Dressy_Salone-del-Mobile-2024_POST_04-300x200.jpg 300w, https:\/\/www.dressy.design\/wp-content\/uploads\/2024\/04\/Dressy_Salone-del-Mobile-2024_POST_04-600x400.jpg 600w\" sizes=\"auto, (max-width: 791px) 100vw, 791px\" \/><\/figure>\n\n\n\n<figure class=\"wp-block-image size-large\"><img loading=\"lazy\" decoding=\"async\" width=\"819\" height=\"547\" data-id=\"7214\" src=\"https:\/\/www.dressy.design\/wp-content\/uploads\/2024\/04\/Dressy_Salone-del-Mobile-2024_POST_07.jpg\" alt=\"\" class=\"wp-image-7214\" srcset=\"https:\/\/www.dressy.design\/wp-content\/uploads\/2024\/04\/Dressy_Salone-del-Mobile-2024_POST_07.jpg 819w, https:\/\/www.dressy.design\/wp-content\/uploads\/2024\/04\/Dressy_Salone-del-Mobile-2024_POST_07-150x100.jpg 150w, https:\/\/www.dressy.design\/wp-content\/uploads\/2024\/04\/Dressy_Salone-del-Mobile-2024_POST_07-768x513.jpg 768w, https:\/\/www.dressy.design\/wp-content\/uploads\/2024\/04\/Dressy_Salone-del-Mobile-2024_POST_07-300x200.jpg 300w, https:\/\/www.dressy.design\/wp-content\/uploads\/2024\/04\/Dressy_Salone-del-Mobile-2024_POST_07-600x401.jpg 600w\" sizes=\"auto, (max-width: 819px) 100vw, 819px\" \/><\/figure>\n<\/figure>\n","protected":false},"excerpt":{"rendered":"<p>La table \u00e0 rallonge Joplin avec plateau en c\u00e9ramique organique a \u00e9t\u00e9 la nouveaut\u00e9 la plus significative de la derni\u00e8re \u00e9dition du Salone Internazionale del Mobile<\/p>\n","protected":false},"author":5,"featured_media":7221,"comment_status":"closed","ping_status":"closed","sticky":false,"template":"","format":"standard","meta":{"_acf_changed":false,"footnotes":""},"categories":[35,41],"tags":[],"class_list":["post-7235","post","type-post","status-publish","format-standard","has-post-thumbnail","hentry","category-nouvelles-accueil","category-nouvelles"],"acf":[],"yoast_head":"<!-- This site is optimized with the Yoast SEO plugin v27.2 - https:\/\/yoast.com\/product\/yoast-seo-wordpress\/ -->\n<title>Amoureux de la Milan design Week 2024 | Dressy<\/title>\n<meta name=\"description\" content=\"La table \u00e0 rallonge Joplin avec plateau en c\u00e9ramique organique a \u00e9t\u00e9 la nouveaut\u00e9 la plus significative de la derni\u00e8re \u00e9dition du Salone del Mobile\" \/>\n<meta name=\"robots\" content=\"index, follow, max-snippet:-1, max-image-preview:large, max-video-preview:-1\" \/>\n<link rel=\"canonical\" href=\"https:\/\/www.dressy.design\/fr\/amoureux-de-la-milan-design-week-2024\/\" \/>\n<meta property=\"og:locale\" content=\"fr_FR\" \/>\n<meta property=\"og:type\" content=\"article\" \/>\n<meta property=\"og:title\" content=\"Amoureux de la Milan design Week 2024 | Dressy\" \/>\n<meta property=\"og:description\" content=\"La table \u00e0 rallonge Joplin avec plateau en c\u00e9ramique organique a \u00e9t\u00e9 la nouveaut\u00e9 la plus significative de la derni\u00e8re \u00e9dition du Salone del Mobile\" \/>\n<meta property=\"og:url\" content=\"https:\/\/www.dressy.design\/fr\/amoureux-de-la-milan-design-week-2024\/\" \/>\n<meta property=\"og:site_name\" content=\"Dressy\" \/>\n<meta property=\"article:published_time\" content=\"2024-04-24T14:58:46+00:00\" \/>\n<meta property=\"article:modified_time\" content=\"2024-04-24T15:00:17+00:00\" \/>\n<meta property=\"og:image\" content=\"https:\/\/www.dressy.design\/wp-content\/uploads\/2024\/04\/Salone-del-mobile-post_Noticias_Imagen-listado_564x564px.jpg\" \/>\n\t<meta property=\"og:image:width\" content=\"564\" \/>\n\t<meta property=\"og:image:height\" content=\"564\" \/>\n\t<meta property=\"og:image:type\" content=\"image\/jpeg\" \/>\n<meta name=\"author\" content=\"Ferran\" \/>\n<meta name=\"twitter:card\" content=\"summary_large_image\" \/>\n<meta name=\"twitter:label1\" content=\"\u00c9crit par\" \/>\n\t<meta name=\"twitter:data1\" content=\"Ferran\" \/>\n\t<meta name=\"twitter:label2\" content=\"Dur\u00e9e de lecture estim\u00e9e\" \/>\n\t<meta name=\"twitter:data2\" content=\"2 minutes\" \/>\n<script type=\"application\/ld+json\" class=\"yoast-schema-graph\">{\"@context\":\"https:\/\/schema.org\",\"@graph\":[{\"@type\":\"Article\",\"@id\":\"https:\/\/www.dressy.design\/fr\/amoureux-de-la-milan-design-week-2024\/#article\",\"isPartOf\":{\"@id\":\"https:\/\/www.dressy.design\/fr\/amoureux-de-la-milan-design-week-2024\/\"},\"author\":{\"name\":\"Ferran\",\"@id\":\"https:\/\/www.dressy.design\/fr\/#\/schema\/person\/fdc4b4dd64f9776d0ac79036e2811272\"},\"headline\":\"Amoureux de la Milan design Week 2024\",\"datePublished\":\"2024-04-24T14:58:46+00:00\",\"dateModified\":\"2024-04-24T15:00:17+00:00\",\"mainEntityOfPage\":{\"@id\":\"https:\/\/www.dressy.design\/fr\/amoureux-de-la-milan-design-week-2024\/\"},\"wordCount\":114,\"image\":{\"@id\":\"https:\/\/www.dressy.design\/fr\/amoureux-de-la-milan-design-week-2024\/#primaryimage\"},\"thumbnailUrl\":\"https:\/\/www.dressy.design\/wp-content\/uploads\/2024\/04\/Salone-del-mobile-post_Noticias_Imagen-listado_564x564px.jpg\",\"articleSection\":[\"Accueil\",\"Nouvelles\"],\"inLanguage\":\"fr-FR\"},{\"@type\":\"WebPage\",\"@id\":\"https:\/\/www.dressy.design\/fr\/amoureux-de-la-milan-design-week-2024\/\",\"url\":\"https:\/\/www.dressy.design\/fr\/amoureux-de-la-milan-design-week-2024\/\",\"name\":\"Amoureux de la Milan design Week 2024 | Dressy\",\"isPartOf\":{\"@id\":\"https:\/\/www.dressy.design\/fr\/#website\"},\"primaryImageOfPage\":{\"@id\":\"https:\/\/www.dressy.design\/fr\/amoureux-de-la-milan-design-week-2024\/#primaryimage\"},\"image\":{\"@id\":\"https:\/\/www.dressy.design\/fr\/amoureux-de-la-milan-design-week-2024\/#primaryimage\"},\"thumbnailUrl\":\"https:\/\/www.dressy.design\/wp-content\/uploads\/2024\/04\/Salone-del-mobile-post_Noticias_Imagen-listado_564x564px.jpg\",\"datePublished\":\"2024-04-24T14:58:46+00:00\",\"dateModified\":\"2024-04-24T15:00:17+00:00\",\"author\":{\"@id\":\"https:\/\/www.dressy.design\/fr\/#\/schema\/person\/fdc4b4dd64f9776d0ac79036e2811272\"},\"description\":\"La table \u00e0 rallonge Joplin avec plateau en c\u00e9ramique organique a \u00e9t\u00e9 la nouveaut\u00e9 la plus significative de la derni\u00e8re \u00e9dition du Salone del Mobile\",\"breadcrumb\":{\"@id\":\"https:\/\/www.dressy.design\/fr\/amoureux-de-la-milan-design-week-2024\/#breadcrumb\"},\"inLanguage\":\"fr-FR\",\"potentialAction\":[{\"@type\":\"ReadAction\",\"target\":[\"https:\/\/www.dressy.design\/fr\/amoureux-de-la-milan-design-week-2024\/\"]}]},{\"@type\":\"ImageObject\",\"inLanguage\":\"fr-FR\",\"@id\":\"https:\/\/www.dressy.design\/fr\/amoureux-de-la-milan-design-week-2024\/#primaryimage\",\"url\":\"https:\/\/www.dressy.design\/wp-content\/uploads\/2024\/04\/Salone-del-mobile-post_Noticias_Imagen-listado_564x564px.jpg\",\"contentUrl\":\"https:\/\/www.dressy.design\/wp-content\/uploads\/2024\/04\/Salone-del-mobile-post_Noticias_Imagen-listado_564x564px.jpg\",\"width\":564,\"height\":564},{\"@type\":\"BreadcrumbList\",\"@id\":\"https:\/\/www.dressy.design\/fr\/amoureux-de-la-milan-design-week-2024\/#breadcrumb\",\"itemListElement\":[{\"@type\":\"ListItem\",\"position\":1,\"name\":\"Portada\",\"item\":\"https:\/\/www.dressy.design\/fr\/\"},{\"@type\":\"ListItem\",\"position\":2,\"name\":\"Amoureux de la Milan design Week 2024\"}]},{\"@type\":\"WebSite\",\"@id\":\"https:\/\/www.dressy.design\/fr\/#website\",\"url\":\"https:\/\/www.dressy.design\/fr\/\",\"name\":\"Dressy\",\"description\":\"Sillas y mesas de m\u00e1xima calidad y dise\u00f1o\",\"potentialAction\":[{\"@type\":\"SearchAction\",\"target\":{\"@type\":\"EntryPoint\",\"urlTemplate\":\"https:\/\/www.dressy.design\/fr\/?s={search_term_string}\"},\"query-input\":{\"@type\":\"PropertyValueSpecification\",\"valueRequired\":true,\"valueName\":\"search_term_string\"}}],\"inLanguage\":\"fr-FR\"},{\"@type\":\"Person\",\"@id\":\"https:\/\/www.dressy.design\/fr\/#\/schema\/person\/fdc4b4dd64f9776d0ac79036e2811272\",\"name\":\"Ferran\",\"image\":{\"@type\":\"ImageObject\",\"inLanguage\":\"fr-FR\",\"@id\":\"https:\/\/secure.gravatar.com\/avatar\/bfd07f6c35243c7ec7cb3c1471b1047b5a0d91d02f03dd56b0ce01a25ad60cc5?s=96&d=mm&r=g\",\"url\":\"https:\/\/secure.gravatar.com\/avatar\/bfd07f6c35243c7ec7cb3c1471b1047b5a0d91d02f03dd56b0ce01a25ad60cc5?s=96&d=mm&r=g\",\"contentUrl\":\"https:\/\/secure.gravatar.com\/avatar\/bfd07f6c35243c7ec7cb3c1471b1047b5a0d91d02f03dd56b0ce01a25ad60cc5?s=96&d=mm&r=g\",\"caption\":\"Ferran\"},\"url\":\"https:\/\/www.dressy.design\/fr\/author\/ferran\/\"}]}<\/script>\n<!-- \/ Yoast SEO plugin. -->","yoast_head_json":{"title":"Amoureux de la Milan design Week 2024 | Dressy","description":"La table \u00e0 rallonge Joplin avec plateau en c\u00e9ramique organique a \u00e9t\u00e9 la nouveaut\u00e9 la plus significative de la derni\u00e8re \u00e9dition du Salone del Mobile","robots":{"index":"index","follow":"follow","max-snippet":"max-snippet:-1","max-image-preview":"max-image-preview:large","max-video-preview":"max-video-preview:-1"},"canonical":"https:\/\/www.dressy.design\/fr\/amoureux-de-la-milan-design-week-2024\/","og_locale":"fr_FR","og_type":"article","og_title":"Amoureux de la Milan design Week 2024 | Dressy","og_description":"La table \u00e0 rallonge Joplin avec plateau en c\u00e9ramique organique a \u00e9t\u00e9 la nouveaut\u00e9 la plus significative de la derni\u00e8re \u00e9dition du Salone del Mobile","og_url":"https:\/\/www.dressy.design\/fr\/amoureux-de-la-milan-design-week-2024\/","og_site_name":"Dressy","article_published_time":"2024-04-24T14:58:46+00:00","article_modified_time":"2024-04-24T15:00:17+00:00","og_image":[{"width":564,"height":564,"url":"https:\/\/www.dressy.design\/wp-content\/uploads\/2024\/04\/Salone-del-mobile-post_Noticias_Imagen-listado_564x564px.jpg","type":"image\/jpeg"}],"author":"Ferran","twitter_card":"summary_large_image","twitter_misc":{"\u00c9crit par":"Ferran","Dur\u00e9e de lecture estim\u00e9e":"2 minutes"},"schema":{"@context":"https:\/\/schema.org","@graph":[{"@type":"Article","@id":"https:\/\/www.dressy.design\/fr\/amoureux-de-la-milan-design-week-2024\/#article","isPartOf":{"@id":"https:\/\/www.dressy.design\/fr\/amoureux-de-la-milan-design-week-2024\/"},"author":{"name":"Ferran","@id":"https:\/\/www.dressy.design\/fr\/#\/schema\/person\/fdc4b4dd64f9776d0ac79036e2811272"},"headline":"Amoureux de la Milan design Week 2024","datePublished":"2024-04-24T14:58:46+00:00","dateModified":"2024-04-24T15:00:17+00:00","mainEntityOfPage":{"@id":"https:\/\/www.dressy.design\/fr\/amoureux-de-la-milan-design-week-2024\/"},"wordCount":114,"image":{"@id":"https:\/\/www.dressy.design\/fr\/amoureux-de-la-milan-design-week-2024\/#primaryimage"},"thumbnailUrl":"https:\/\/www.dressy.design\/wp-content\/uploads\/2024\/04\/Salone-del-mobile-post_Noticias_Imagen-listado_564x564px.jpg","articleSection":["Accueil","Nouvelles"],"inLanguage":"fr-FR"},{"@type":"WebPage","@id":"https:\/\/www.dressy.design\/fr\/amoureux-de-la-milan-design-week-2024\/","url":"https:\/\/www.dressy.design\/fr\/amoureux-de-la-milan-design-week-2024\/","name":"Amoureux de la Milan design Week 2024 | Dressy","isPartOf":{"@id":"https:\/\/www.dressy.design\/fr\/#website"},"primaryImageOfPage":{"@id":"https:\/\/www.dressy.design\/fr\/amoureux-de-la-milan-design-week-2024\/#primaryimage"},"image":{"@id":"https:\/\/www.dressy.design\/fr\/amoureux-de-la-milan-design-week-2024\/#primaryimage"},"thumbnailUrl":"https:\/\/www.dressy.design\/wp-content\/uploads\/2024\/04\/Salone-del-mobile-post_Noticias_Imagen-listado_564x564px.jpg","datePublished":"2024-04-24T14:58:46+00:00","dateModified":"2024-04-24T15:00:17+00:00","author":{"@id":"https:\/\/www.dressy.design\/fr\/#\/schema\/person\/fdc4b4dd64f9776d0ac79036e2811272"},"description":"La table \u00e0 rallonge Joplin avec plateau en c\u00e9ramique organique a \u00e9t\u00e9 la nouveaut\u00e9 la plus significative de la derni\u00e8re \u00e9dition du Salone del Mobile","breadcrumb":{"@id":"https:\/\/www.dressy.design\/fr\/amoureux-de-la-milan-design-week-2024\/#breadcrumb"},"inLanguage":"fr-FR","potentialAction":[{"@type":"ReadAction","target":["https:\/\/www.dressy.design\/fr\/amoureux-de-la-milan-design-week-2024\/"]}]},{"@type":"ImageObject","inLanguage":"fr-FR","@id":"https:\/\/www.dressy.design\/fr\/amoureux-de-la-milan-design-week-2024\/#primaryimage","url":"https:\/\/www.dressy.design\/wp-content\/uploads\/2024\/04\/Salone-del-mobile-post_Noticias_Imagen-listado_564x564px.jpg","contentUrl":"https:\/\/www.dressy.design\/wp-content\/uploads\/2024\/04\/Salone-del-mobile-post_Noticias_Imagen-listado_564x564px.jpg","width":564,"height":564},{"@type":"BreadcrumbList","@id":"https:\/\/www.dressy.design\/fr\/amoureux-de-la-milan-design-week-2024\/#breadcrumb","itemListElement":[{"@type":"ListItem","position":1,"name":"Portada","item":"https:\/\/www.dressy.design\/fr\/"},{"@type":"ListItem","position":2,"name":"Amoureux de la Milan design Week 2024"}]},{"@type":"WebSite","@id":"https:\/\/www.dressy.design\/fr\/#website","url":"https:\/\/www.dressy.design\/fr\/","name":"Dressy","description":"Sillas y mesas de m\u00e1xima calidad y dise\u00f1o","potentialAction":[{"@type":"SearchAction","target":{"@type":"EntryPoint","urlTemplate":"https:\/\/www.dressy.design\/fr\/?s={search_term_string}"},"query-input":{"@type":"PropertyValueSpecification","valueRequired":true,"valueName":"search_term_string"}}],"inLanguage":"fr-FR"},{"@type":"Person","@id":"https:\/\/www.dressy.design\/fr\/#\/schema\/person\/fdc4b4dd64f9776d0ac79036e2811272","name":"Ferran","image":{"@type":"ImageObject","inLanguage":"fr-FR","@id":"https:\/\/secure.gravatar.com\/avatar\/bfd07f6c35243c7ec7cb3c1471b1047b5a0d91d02f03dd56b0ce01a25ad60cc5?s=96&d=mm&r=g","url":"https:\/\/secure.gravatar.com\/avatar\/bfd07f6c35243c7ec7cb3c1471b1047b5a0d91d02f03dd56b0ce01a25ad60cc5?s=96&d=mm&r=g","contentUrl":"https:\/\/secure.gravatar.com\/avatar\/bfd07f6c35243c7ec7cb3c1471b1047b5a0d91d02f03dd56b0ce01a25ad60cc5?s=96&d=mm&r=g","caption":"Ferran"},"url":"https:\/\/www.dressy.design\/fr\/author\/ferran\/"}]}},"_links":{"self":[{"href":"https:\/\/www.dressy.design\/fr\/wp-json\/wp\/v2\/posts\/7235","targetHints":{"allow":["GET"]}}],"collection":[{"href":"https:\/\/www.dressy.design\/fr\/wp-json\/wp\/v2\/posts"}],"about":[{"href":"https:\/\/www.dressy.design\/fr\/wp-json\/wp\/v2\/types\/post"}],"author":[{"embeddable":true,"href":"https:\/\/www.dressy.design\/fr\/wp-json\/wp\/v2\/users\/5"}],"replies":[{"embeddable":true,"href":"https:\/\/www.dressy.design\/fr\/wp-json\/wp\/v2\/comments?post=7235"}],"version-history":[{"count":1,"href":"https:\/\/www.dressy.design\/fr\/wp-json\/wp\/v2\/posts\/7235\/revisions"}],"predecessor-version":[{"id":7236,"href":"https:\/\/www.dressy.design\/fr\/wp-json\/wp\/v2\/posts\/7235\/revisions\/7236"}],"wp:featuredmedia":[{"embeddable":true,"href":"https:\/\/www.dressy.design\/fr\/wp-json\/wp\/v2\/media\/7221"}],"wp:attachment":[{"href":"https:\/\/www.dressy.design\/fr\/wp-json\/wp\/v2\/media?parent=7235"}],"wp:term":[{"taxonomy":"category","embeddable":true,"href":"https:\/\/www.dressy.design\/fr\/wp-json\/wp\/v2\/categories?post=7235"},{"taxonomy":"post_tag","embeddable":true,"href":"https:\/\/www.dressy.design\/fr\/wp-json\/wp\/v2\/tags?post=7235"}],"curies":[{"name":"wp","href":"https:\/\/api.w.org\/{rel}","templated":true}]}}