{"id":7415,"date":"2025-04-24T09:18:52","date_gmt":"2025-04-24T07:18:52","guid":{"rendered":"https:\/\/www.dressy.design\/?p=7415"},"modified":"2025-04-24T09:21:11","modified_gmt":"2025-04-24T07:21:11","slug":"merci-salone-del-mobile-milano","status":"publish","type":"post","link":"https:\/\/www.dressy.design\/fr\/merci-salone-del-mobile-milano\/","title":{"rendered":"Merci Salone del Mobile.Milano"},"content":{"rendered":"\n\n\n<figure class=\"wp-block-image size-full\"><img loading=\"lazy\" decoding=\"async\" width=\"1128\" height=\"752\" src=\"https:\/\/www.dressy.design\/wp-content\/uploads\/2025\/04\/Dressy_POST-Salone-del-Mobile-2025_principal.jpg\" alt=\"\" class=\"wp-image-7387\" srcset=\"https:\/\/www.dressy.design\/wp-content\/uploads\/2025\/04\/Dressy_POST-Salone-del-Mobile-2025_principal.jpg 1128w, https:\/\/www.dressy.design\/wp-content\/uploads\/2025\/04\/Dressy_POST-Salone-del-Mobile-2025_principal-150x100.jpg 150w, https:\/\/www.dressy.design\/wp-content\/uploads\/2025\/04\/Dressy_POST-Salone-del-Mobile-2025_principal-768x512.jpg 768w, https:\/\/www.dressy.design\/wp-content\/uploads\/2025\/04\/Dressy_POST-Salone-del-Mobile-2025_principal-300x200.jpg 300w, https:\/\/www.dressy.design\/wp-content\/uploads\/2025\/04\/Dressy_POST-Salone-del-Mobile-2025_principal-600x400.jpg 600w\" sizes=\"auto, (max-width: 1128px) 100vw, 1128px\" \/><\/figure>\n\n\n\n<p>Merci \u00e0 tous ceux qui nous ont rejoints lors de la derni\u00e8re \u00e9dition du Salone del Mobile.Milano 2025. Ce fut un r\u00e9el plaisir de vous accueillir sur notre stand et de partager avec vous nos derni\u00e8res propositions, id\u00e9es et notre passion pour le design.<\/p>\n\n\n\n<figure class=\"wp-block-gallery has-nested-images columns-default is-cropped wp-block-gallery-1 is-layout-flex wp-block-gallery-is-layout-flex\">\n<figure class=\"wp-block-image size-large\"><img loading=\"lazy\" decoding=\"async\" width=\"321\" height=\"481\" data-id=\"7403\" src=\"https:\/\/www.dressy.design\/wp-content\/uploads\/2025\/04\/DRESSY_2025-4-ASF_1417-1.jpg\" alt=\"\" class=\"wp-image-7403\" srcset=\"https:\/\/www.dressy.design\/wp-content\/uploads\/2025\/04\/DRESSY_2025-4-ASF_1417-1.jpg 321w, https:\/\/www.dressy.design\/wp-content\/uploads\/2025\/04\/DRESSY_2025-4-ASF_1417-1-150x225.jpg 150w, https:\/\/www.dressy.design\/wp-content\/uploads\/2025\/04\/DRESSY_2025-4-ASF_1417-1-300x450.jpg 300w\" sizes=\"auto, (max-width: 321px) 100vw, 321px\" \/><\/figure>\n\n\n\n<figure class=\"wp-block-image size-full\"><img loading=\"lazy\" decoding=\"async\" width=\"332\" height=\"498\" data-id=\"7404\" src=\"https:\/\/www.dressy.design\/wp-content\/uploads\/2025\/04\/DRESSY_2025-4-ASF_1489-1.jpg\" alt=\"\" class=\"wp-image-7404\" srcset=\"https:\/\/www.dressy.design\/wp-content\/uploads\/2025\/04\/DRESSY_2025-4-ASF_1489-1.jpg 332w, https:\/\/www.dressy.design\/wp-content\/uploads\/2025\/04\/DRESSY_2025-4-ASF_1489-1-150x225.jpg 150w, https:\/\/www.dressy.design\/wp-content\/uploads\/2025\/04\/DRESSY_2025-4-ASF_1489-1-300x450.jpg 300w\" sizes=\"auto, (max-width: 332px) 100vw, 332px\" \/><\/figure>\n\n\n\n<figure class=\"wp-block-image size-large\"><img loading=\"lazy\" decoding=\"async\" width=\"320\" height=\"480\" data-id=\"7405\" src=\"https:\/\/www.dressy.design\/wp-content\/uploads\/2025\/04\/DRESSY_2025-4-ASF_1494.jpg\" alt=\"\" class=\"wp-image-7405\" srcset=\"https:\/\/www.dressy.design\/wp-content\/uploads\/2025\/04\/DRESSY_2025-4-ASF_1494.jpg 320w, https:\/\/www.dressy.design\/wp-content\/uploads\/2025\/04\/DRESSY_2025-4-ASF_1494-150x225.jpg 150w, https:\/\/www.dressy.design\/wp-content\/uploads\/2025\/04\/DRESSY_2025-4-ASF_1494-300x450.jpg 300w\" sizes=\"auto, (max-width: 320px) 100vw, 320px\" \/><\/figure>\n<\/figure>\n","protected":false},"excerpt":{"rendered":"<p>Merci \u00e0 tous ceux qui nous ont rejoints lors de la derni\u00e8re \u00e9dition du Salone del Mobile.Milano 2025.<\/p>\n","protected":false},"author":5,"featured_media":7394,"comment_status":"closed","ping_status":"closed","sticky":false,"template":"","format":"standard","meta":{"_acf_changed":false,"footnotes":""},"categories":[35],"tags":[],"class_list":["post-7415","post","type-post","status-publish","format-standard","has-post-thumbnail","hentry","category-nouvelles-accueil"],"acf":[],"yoast_head":"<!-- This site is optimized with the Yoast SEO plugin v27.2 - https:\/\/yoast.com\/product\/yoast-seo-wordpress\/ -->\n<title>Merci Salone del Mobile.Milano | Dressy<\/title>\n<meta name=\"description\" content=\"Merci \u00e0 tous ceux qui nous ont rejoints lors de la derni\u00e8re \u00e9dition du Salone del Mobile.Milano 2025. Ce fut un r\u00e9el plaisir.\" \/>\n<meta name=\"robots\" content=\"index, follow, max-snippet:-1, max-image-preview:large, max-video-preview:-1\" \/>\n<link rel=\"canonical\" href=\"https:\/\/www.dressy.design\/fr\/merci-salone-del-mobile-milano\/\" \/>\n<meta property=\"og:locale\" content=\"fr_FR\" \/>\n<meta property=\"og:type\" content=\"article\" \/>\n<meta property=\"og:title\" content=\"Merci Salone del Mobile.Milano | Dressy\" \/>\n<meta property=\"og:description\" content=\"Merci \u00e0 tous ceux qui nous ont rejoints lors de la derni\u00e8re \u00e9dition du Salone del Mobile.Milano 2025. Ce fut un r\u00e9el plaisir.\" \/>\n<meta property=\"og:url\" content=\"https:\/\/www.dressy.design\/fr\/merci-salone-del-mobile-milano\/\" \/>\n<meta property=\"og:site_name\" content=\"Dressy\" \/>\n<meta property=\"article:published_time\" content=\"2025-04-24T07:18:52+00:00\" \/>\n<meta property=\"article:modified_time\" content=\"2025-04-24T07:21:11+00:00\" \/>\n<meta property=\"og:image\" content=\"https:\/\/www.dressy.design\/wp-content\/uploads\/2025\/04\/Dressy_POST-Salone-del-Mobile-2025_LIST.jpg\" \/>\n\t<meta property=\"og:image:width\" content=\"564\" \/>\n\t<meta property=\"og:image:height\" content=\"564\" \/>\n\t<meta property=\"og:image:type\" content=\"image\/jpeg\" \/>\n<meta name=\"author\" content=\"Ferran\" \/>\n<meta name=\"twitter:card\" content=\"summary_large_image\" \/>\n<meta name=\"twitter:label1\" content=\"\u00c9crit par\" \/>\n\t<meta name=\"twitter:data1\" content=\"Ferran\" \/>\n\t<meta name=\"twitter:label2\" content=\"Dur\u00e9e de lecture estim\u00e9e\" \/>\n\t<meta name=\"twitter:data2\" content=\"2 minutes\" \/>\n<script type=\"application\/ld+json\" class=\"yoast-schema-graph\">{\"@context\":\"https:\/\/schema.org\",\"@graph\":[{\"@type\":\"Article\",\"@id\":\"https:\/\/www.dressy.design\/fr\/merci-salone-del-mobile-milano\/#article\",\"isPartOf\":{\"@id\":\"https:\/\/www.dressy.design\/fr\/merci-salone-del-mobile-milano\/\"},\"author\":{\"name\":\"Ferran\",\"@id\":\"https:\/\/www.dressy.design\/fr\/#\/schema\/person\/fdc4b4dd64f9776d0ac79036e2811272\"},\"headline\":\"Merci Salone del Mobile.Milano\",\"datePublished\":\"2025-04-24T07:18:52+00:00\",\"dateModified\":\"2025-04-24T07:21:11+00:00\",\"mainEntityOfPage\":{\"@id\":\"https:\/\/www.dressy.design\/fr\/merci-salone-del-mobile-milano\/\"},\"wordCount\":52,\"image\":{\"@id\":\"https:\/\/www.dressy.design\/fr\/merci-salone-del-mobile-milano\/#primaryimage\"},\"thumbnailUrl\":\"https:\/\/www.dressy.design\/wp-content\/uploads\/2025\/04\/Dressy_POST-Salone-del-Mobile-2025_LIST.jpg\",\"articleSection\":[\"Accueil\"],\"inLanguage\":\"fr-FR\"},{\"@type\":\"WebPage\",\"@id\":\"https:\/\/www.dressy.design\/fr\/merci-salone-del-mobile-milano\/\",\"url\":\"https:\/\/www.dressy.design\/fr\/merci-salone-del-mobile-milano\/\",\"name\":\"Merci Salone del Mobile.Milano | Dressy\",\"isPartOf\":{\"@id\":\"https:\/\/www.dressy.design\/fr\/#website\"},\"primaryImageOfPage\":{\"@id\":\"https:\/\/www.dressy.design\/fr\/merci-salone-del-mobile-milano\/#primaryimage\"},\"image\":{\"@id\":\"https:\/\/www.dressy.design\/fr\/merci-salone-del-mobile-milano\/#primaryimage\"},\"thumbnailUrl\":\"https:\/\/www.dressy.design\/wp-content\/uploads\/2025\/04\/Dressy_POST-Salone-del-Mobile-2025_LIST.jpg\",\"datePublished\":\"2025-04-24T07:18:52+00:00\",\"dateModified\":\"2025-04-24T07:21:11+00:00\",\"author\":{\"@id\":\"https:\/\/www.dressy.design\/fr\/#\/schema\/person\/fdc4b4dd64f9776d0ac79036e2811272\"},\"description\":\"Merci \u00e0 tous ceux qui nous ont rejoints lors de la derni\u00e8re \u00e9dition du Salone del Mobile.Milano 2025. Ce fut un r\u00e9el plaisir.\",\"breadcrumb\":{\"@id\":\"https:\/\/www.dressy.design\/fr\/merci-salone-del-mobile-milano\/#breadcrumb\"},\"inLanguage\":\"fr-FR\",\"potentialAction\":[{\"@type\":\"ReadAction\",\"target\":[\"https:\/\/www.dressy.design\/fr\/merci-salone-del-mobile-milano\/\"]}]},{\"@type\":\"ImageObject\",\"inLanguage\":\"fr-FR\",\"@id\":\"https:\/\/www.dressy.design\/fr\/merci-salone-del-mobile-milano\/#primaryimage\",\"url\":\"https:\/\/www.dressy.design\/wp-content\/uploads\/2025\/04\/Dressy_POST-Salone-del-Mobile-2025_LIST.jpg\",\"contentUrl\":\"https:\/\/www.dressy.design\/wp-content\/uploads\/2025\/04\/Dressy_POST-Salone-del-Mobile-2025_LIST.jpg\",\"width\":564,\"height\":564},{\"@type\":\"BreadcrumbList\",\"@id\":\"https:\/\/www.dressy.design\/fr\/merci-salone-del-mobile-milano\/#breadcrumb\",\"itemListElement\":[{\"@type\":\"ListItem\",\"position\":1,\"name\":\"Portada\",\"item\":\"https:\/\/www.dressy.design\/fr\/\"},{\"@type\":\"ListItem\",\"position\":2,\"name\":\"Merci Salone del Mobile.Milano\"}]},{\"@type\":\"WebSite\",\"@id\":\"https:\/\/www.dressy.design\/fr\/#website\",\"url\":\"https:\/\/www.dressy.design\/fr\/\",\"name\":\"Dressy\",\"description\":\"Sillas y mesas de m\u00e1xima calidad y dise\u00f1o\",\"potentialAction\":[{\"@type\":\"SearchAction\",\"target\":{\"@type\":\"EntryPoint\",\"urlTemplate\":\"https:\/\/www.dressy.design\/fr\/?s={search_term_string}\"},\"query-input\":{\"@type\":\"PropertyValueSpecification\",\"valueRequired\":true,\"valueName\":\"search_term_string\"}}],\"inLanguage\":\"fr-FR\"},{\"@type\":\"Person\",\"@id\":\"https:\/\/www.dressy.design\/fr\/#\/schema\/person\/fdc4b4dd64f9776d0ac79036e2811272\",\"name\":\"Ferran\",\"image\":{\"@type\":\"ImageObject\",\"inLanguage\":\"fr-FR\",\"@id\":\"https:\/\/secure.gravatar.com\/avatar\/bfd07f6c35243c7ec7cb3c1471b1047b5a0d91d02f03dd56b0ce01a25ad60cc5?s=96&d=mm&r=g\",\"url\":\"https:\/\/secure.gravatar.com\/avatar\/bfd07f6c35243c7ec7cb3c1471b1047b5a0d91d02f03dd56b0ce01a25ad60cc5?s=96&d=mm&r=g\",\"contentUrl\":\"https:\/\/secure.gravatar.com\/avatar\/bfd07f6c35243c7ec7cb3c1471b1047b5a0d91d02f03dd56b0ce01a25ad60cc5?s=96&d=mm&r=g\",\"caption\":\"Ferran\"},\"url\":\"https:\/\/www.dressy.design\/fr\/author\/ferran\/\"}]}<\/script>\n<!-- \/ Yoast SEO plugin. -->","yoast_head_json":{"title":"Merci Salone del Mobile.Milano | Dressy","description":"Merci \u00e0 tous ceux qui nous ont rejoints lors de la derni\u00e8re \u00e9dition du Salone del Mobile.Milano 2025. Ce fut un r\u00e9el plaisir.","robots":{"index":"index","follow":"follow","max-snippet":"max-snippet:-1","max-image-preview":"max-image-preview:large","max-video-preview":"max-video-preview:-1"},"canonical":"https:\/\/www.dressy.design\/fr\/merci-salone-del-mobile-milano\/","og_locale":"fr_FR","og_type":"article","og_title":"Merci Salone del Mobile.Milano | Dressy","og_description":"Merci \u00e0 tous ceux qui nous ont rejoints lors de la derni\u00e8re \u00e9dition du Salone del Mobile.Milano 2025. Ce fut un r\u00e9el plaisir.","og_url":"https:\/\/www.dressy.design\/fr\/merci-salone-del-mobile-milano\/","og_site_name":"Dressy","article_published_time":"2025-04-24T07:18:52+00:00","article_modified_time":"2025-04-24T07:21:11+00:00","og_image":[{"width":564,"height":564,"url":"https:\/\/www.dressy.design\/wp-content\/uploads\/2025\/04\/Dressy_POST-Salone-del-Mobile-2025_LIST.jpg","type":"image\/jpeg"}],"author":"Ferran","twitter_card":"summary_large_image","twitter_misc":{"\u00c9crit par":"Ferran","Dur\u00e9e de lecture estim\u00e9e":"2 minutes"},"schema":{"@context":"https:\/\/schema.org","@graph":[{"@type":"Article","@id":"https:\/\/www.dressy.design\/fr\/merci-salone-del-mobile-milano\/#article","isPartOf":{"@id":"https:\/\/www.dressy.design\/fr\/merci-salone-del-mobile-milano\/"},"author":{"name":"Ferran","@id":"https:\/\/www.dressy.design\/fr\/#\/schema\/person\/fdc4b4dd64f9776d0ac79036e2811272"},"headline":"Merci Salone del Mobile.Milano","datePublished":"2025-04-24T07:18:52+00:00","dateModified":"2025-04-24T07:21:11+00:00","mainEntityOfPage":{"@id":"https:\/\/www.dressy.design\/fr\/merci-salone-del-mobile-milano\/"},"wordCount":52,"image":{"@id":"https:\/\/www.dressy.design\/fr\/merci-salone-del-mobile-milano\/#primaryimage"},"thumbnailUrl":"https:\/\/www.dressy.design\/wp-content\/uploads\/2025\/04\/Dressy_POST-Salone-del-Mobile-2025_LIST.jpg","articleSection":["Accueil"],"inLanguage":"fr-FR"},{"@type":"WebPage","@id":"https:\/\/www.dressy.design\/fr\/merci-salone-del-mobile-milano\/","url":"https:\/\/www.dressy.design\/fr\/merci-salone-del-mobile-milano\/","name":"Merci Salone del Mobile.Milano | Dressy","isPartOf":{"@id":"https:\/\/www.dressy.design\/fr\/#website"},"primaryImageOfPage":{"@id":"https:\/\/www.dressy.design\/fr\/merci-salone-del-mobile-milano\/#primaryimage"},"image":{"@id":"https:\/\/www.dressy.design\/fr\/merci-salone-del-mobile-milano\/#primaryimage"},"thumbnailUrl":"https:\/\/www.dressy.design\/wp-content\/uploads\/2025\/04\/Dressy_POST-Salone-del-Mobile-2025_LIST.jpg","datePublished":"2025-04-24T07:18:52+00:00","dateModified":"2025-04-24T07:21:11+00:00","author":{"@id":"https:\/\/www.dressy.design\/fr\/#\/schema\/person\/fdc4b4dd64f9776d0ac79036e2811272"},"description":"Merci \u00e0 tous ceux qui nous ont rejoints lors de la derni\u00e8re \u00e9dition du Salone del Mobile.Milano 2025. Ce fut un r\u00e9el plaisir.","breadcrumb":{"@id":"https:\/\/www.dressy.design\/fr\/merci-salone-del-mobile-milano\/#breadcrumb"},"inLanguage":"fr-FR","potentialAction":[{"@type":"ReadAction","target":["https:\/\/www.dressy.design\/fr\/merci-salone-del-mobile-milano\/"]}]},{"@type":"ImageObject","inLanguage":"fr-FR","@id":"https:\/\/www.dressy.design\/fr\/merci-salone-del-mobile-milano\/#primaryimage","url":"https:\/\/www.dressy.design\/wp-content\/uploads\/2025\/04\/Dressy_POST-Salone-del-Mobile-2025_LIST.jpg","contentUrl":"https:\/\/www.dressy.design\/wp-content\/uploads\/2025\/04\/Dressy_POST-Salone-del-Mobile-2025_LIST.jpg","width":564,"height":564},{"@type":"BreadcrumbList","@id":"https:\/\/www.dressy.design\/fr\/merci-salone-del-mobile-milano\/#breadcrumb","itemListElement":[{"@type":"ListItem","position":1,"name":"Portada","item":"https:\/\/www.dressy.design\/fr\/"},{"@type":"ListItem","position":2,"name":"Merci Salone del Mobile.Milano"}]},{"@type":"WebSite","@id":"https:\/\/www.dressy.design\/fr\/#website","url":"https:\/\/www.dressy.design\/fr\/","name":"Dressy","description":"Sillas y mesas de m\u00e1xima calidad y dise\u00f1o","potentialAction":[{"@type":"SearchAction","target":{"@type":"EntryPoint","urlTemplate":"https:\/\/www.dressy.design\/fr\/?s={search_term_string}"},"query-input":{"@type":"PropertyValueSpecification","valueRequired":true,"valueName":"search_term_string"}}],"inLanguage":"fr-FR"},{"@type":"Person","@id":"https:\/\/www.dressy.design\/fr\/#\/schema\/person\/fdc4b4dd64f9776d0ac79036e2811272","name":"Ferran","image":{"@type":"ImageObject","inLanguage":"fr-FR","@id":"https:\/\/secure.gravatar.com\/avatar\/bfd07f6c35243c7ec7cb3c1471b1047b5a0d91d02f03dd56b0ce01a25ad60cc5?s=96&d=mm&r=g","url":"https:\/\/secure.gravatar.com\/avatar\/bfd07f6c35243c7ec7cb3c1471b1047b5a0d91d02f03dd56b0ce01a25ad60cc5?s=96&d=mm&r=g","contentUrl":"https:\/\/secure.gravatar.com\/avatar\/bfd07f6c35243c7ec7cb3c1471b1047b5a0d91d02f03dd56b0ce01a25ad60cc5?s=96&d=mm&r=g","caption":"Ferran"},"url":"https:\/\/www.dressy.design\/fr\/author\/ferran\/"}]}},"_links":{"self":[{"href":"https:\/\/www.dressy.design\/fr\/wp-json\/wp\/v2\/posts\/7415","targetHints":{"allow":["GET"]}}],"collection":[{"href":"https:\/\/www.dressy.design\/fr\/wp-json\/wp\/v2\/posts"}],"about":[{"href":"https:\/\/www.dressy.design\/fr\/wp-json\/wp\/v2\/types\/post"}],"author":[{"embeddable":true,"href":"https:\/\/www.dressy.design\/fr\/wp-json\/wp\/v2\/users\/5"}],"replies":[{"embeddable":true,"href":"https:\/\/www.dressy.design\/fr\/wp-json\/wp\/v2\/comments?post=7415"}],"version-history":[{"count":1,"href":"https:\/\/www.dressy.design\/fr\/wp-json\/wp\/v2\/posts\/7415\/revisions"}],"predecessor-version":[{"id":7416,"href":"https:\/\/www.dressy.design\/fr\/wp-json\/wp\/v2\/posts\/7415\/revisions\/7416"}],"wp:featuredmedia":[{"embeddable":true,"href":"https:\/\/www.dressy.design\/fr\/wp-json\/wp\/v2\/media\/7394"}],"wp:attachment":[{"href":"https:\/\/www.dressy.design\/fr\/wp-json\/wp\/v2\/media?parent=7415"}],"wp:term":[{"taxonomy":"category","embeddable":true,"href":"https:\/\/www.dressy.design\/fr\/wp-json\/wp\/v2\/categories?post=7415"},{"taxonomy":"post_tag","embeddable":true,"href":"https:\/\/www.dressy.design\/fr\/wp-json\/wp\/v2\/tags?post=7415"}],"curies":[{"name":"wp","href":"https:\/\/api.w.org\/{rel}","templated":true}]}}