{"id":87,"count":1,"description":"Ram\u00f3n Arnau (1984, Denia) et Mariola Reyna (1985, Valence) se sont rencontr\u00e9s lors de leurs \u00e9tudes d\u2019architecture en 2003. Tout en terminant ced \u00e9tudes, leur passion pour la conception de meubles les a amen\u00e9s \u00e0 poursuivre ensemble des \u00e9tudes de design industriel.\r\n\r\n\u00ab Nous concevons des produits qui se connectent avec l\u2019utilisateur et les espaces qu\u2019il habite. Nous partons d\u2019id\u00e9es simples qui \u00e9voluent tout au long du processus de conception. Des pi\u00e8ces intemporelles qui ne sont pas influenc\u00e9es par les tendances passag\u00e8res. Nous croyons que le design est une strat\u00e9gie, un outil immat\u00e9riel qui constitue un pilier fondamental pour les entreprises en tant que moteur de productivit\u00e9 et de croissance. La conception n\u2019est pas seulement le fait d\u2019avoir une bonne id\u00e9e, mais un crit\u00e8re avec lequel on peut dessiner la feuille de route de l\u2019entreprise. Nous voulons cr\u00e9er les ic\u00f4nes du design du futur \u00bb.","link":"https:\/\/www.dressy.design\/fr\/c\/dessinateurs\/arnau-y-reyna\/","name":"Arnau y Reyna","slug":"arnau-y-reyna","taxonomy":"product_cat","parent":65,"meta":[],"menu_order":0,"acf":[],"yoast_head":"<!-- This site is optimized with the Yoast SEO plugin v27.2 - https:\/\/yoast.com\/product\/yoast-seo-wordpress\/ -->\n<title>Arnau y Reyna | Dressy<\/title>\n<meta name=\"robots\" content=\"index, follow, max-snippet:-1, max-image-preview:large, max-video-preview:-1\" \/>\n<link rel=\"canonical\" href=\"https:\/\/www.dressy.design\/fr\/c\/dessinateurs\/arnau-y-reyna\/\" \/>\n<meta property=\"og:locale\" content=\"fr_FR\" \/>\n<meta property=\"og:type\" content=\"article\" \/>\n<meta property=\"og:title\" content=\"Arnau y Reyna | Dressy\" \/>\n<meta property=\"og:description\" content=\"Ram\u00f3n Arnau (1984, Denia) et Mariola Reyna (1985, Valence) se sont rencontr\u00e9s lors de leurs \u00e9tudes d\u2019architecture en 2003. Tout en terminant ced \u00e9tudes, leur passion pour la conception de meubles les a amen\u00e9s \u00e0 poursuivre ensemble des \u00e9tudes de design industriel. \u00ab Nous concevons des produits qui se connectent avec l\u2019utilisateur et les espaces qu\u2019il habite. Nous partons d\u2019id\u00e9es simples qui \u00e9voluent tout au long du processus de conception. Des pi\u00e8ces intemporelles qui ne sont pas influenc\u00e9es par les tendances passag\u00e8res. Nous croyons que le design est une strat\u00e9gie, un outil immat\u00e9riel qui constitue un pilier fondamental pour les entreprises en tant que moteur de productivit\u00e9 et de croissance. La conception n\u2019est pas seulement le fait d\u2019avoir une bonne id\u00e9e, mais un crit\u00e8re avec lequel on peut dessiner la feuille de route de l\u2019entreprise. Nous voulons cr\u00e9er les ic\u00f4nes du design du futur \u00bb.\" \/>\n<meta property=\"og:url\" content=\"https:\/\/www.dressy.design\/fr\/c\/dessinateurs\/arnau-y-reyna\/\" \/>\n<meta property=\"og:site_name\" content=\"Dressy\" \/>\n<meta property=\"og:image\" content=\"https:\/\/www.dressy.design\/wp-content\/uploads\/2025\/01\/IMAGEN-SEO-DRESSY.jpg\" \/>\n\t<meta property=\"og:image:width\" content=\"1200\" \/>\n\t<meta property=\"og:image:height\" content=\"628\" \/>\n\t<meta property=\"og:image:type\" content=\"image\/jpeg\" \/>\n<meta name=\"twitter:card\" content=\"summary_large_image\" \/>\n<script type=\"application\/ld+json\" class=\"yoast-schema-graph\">{\"@context\":\"https:\/\/schema.org\",\"@graph\":[{\"@type\":\"CollectionPage\",\"@id\":\"https:\/\/www.dressy.design\/fr\/c\/dessinateurs\/arnau-y-reyna\/\",\"url\":\"https:\/\/www.dressy.design\/fr\/c\/dessinateurs\/arnau-y-reyna\/\",\"name\":\"Arnau y Reyna | Dressy\",\"isPartOf\":{\"@id\":\"https:\/\/www.dressy.design\/fr\/#website\"},\"breadcrumb\":{\"@id\":\"https:\/\/www.dressy.design\/fr\/c\/dessinateurs\/arnau-y-reyna\/#breadcrumb\"},\"inLanguage\":\"fr-FR\"},{\"@type\":\"BreadcrumbList\",\"@id\":\"https:\/\/www.dressy.design\/fr\/c\/dessinateurs\/arnau-y-reyna\/#breadcrumb\",\"itemListElement\":[{\"@type\":\"ListItem\",\"position\":1,\"name\":\"Portada\",\"item\":\"https:\/\/www.dressy.design\/fr\/\"},{\"@type\":\"ListItem\",\"position\":2,\"name\":\"Dessinateurs\",\"item\":\"https:\/\/www.dressy.design\/fr\/c\/dessinateurs\/\"},{\"@type\":\"ListItem\",\"position\":3,\"name\":\"Arnau y Reyna\"}]},{\"@type\":\"WebSite\",\"@id\":\"https:\/\/www.dressy.design\/fr\/#website\",\"url\":\"https:\/\/www.dressy.design\/fr\/\",\"name\":\"Dressy\",\"description\":\"Sillas y mesas de m\u00e1xima calidad y dise\u00f1o\",\"potentialAction\":[{\"@type\":\"SearchAction\",\"target\":{\"@type\":\"EntryPoint\",\"urlTemplate\":\"https:\/\/www.dressy.design\/fr\/?s={search_term_string}\"},\"query-input\":{\"@type\":\"PropertyValueSpecification\",\"valueRequired\":true,\"valueName\":\"search_term_string\"}}],\"inLanguage\":\"fr-FR\"}]}<\/script>\n<!-- \/ Yoast SEO plugin. -->","yoast_head_json":{"title":"Arnau y Reyna | Dressy","robots":{"index":"index","follow":"follow","max-snippet":"max-snippet:-1","max-image-preview":"max-image-preview:large","max-video-preview":"max-video-preview:-1"},"canonical":"https:\/\/www.dressy.design\/fr\/c\/dessinateurs\/arnau-y-reyna\/","og_locale":"fr_FR","og_type":"article","og_title":"Arnau y Reyna | Dressy","og_description":"Ram\u00f3n Arnau (1984, Denia) et Mariola Reyna (1985, Valence) se sont rencontr\u00e9s lors de leurs \u00e9tudes d\u2019architecture en 2003. Tout en terminant ced \u00e9tudes, leur passion pour la conception de meubles les a amen\u00e9s \u00e0 poursuivre ensemble des \u00e9tudes de design industriel. \u00ab Nous concevons des produits qui se connectent avec l\u2019utilisateur et les espaces qu\u2019il habite. Nous partons d\u2019id\u00e9es simples qui \u00e9voluent tout au long du processus de conception. Des pi\u00e8ces intemporelles qui ne sont pas influenc\u00e9es par les tendances passag\u00e8res. Nous croyons que le design est une strat\u00e9gie, un outil immat\u00e9riel qui constitue un pilier fondamental pour les entreprises en tant que moteur de productivit\u00e9 et de croissance. La conception n\u2019est pas seulement le fait d\u2019avoir une bonne id\u00e9e, mais un crit\u00e8re avec lequel on peut dessiner la feuille de route de l\u2019entreprise. Nous voulons cr\u00e9er les ic\u00f4nes du design du futur \u00bb.","og_url":"https:\/\/www.dressy.design\/fr\/c\/dessinateurs\/arnau-y-reyna\/","og_site_name":"Dressy","og_image":[{"width":1200,"height":628,"url":"https:\/\/www.dressy.design\/wp-content\/uploads\/2025\/01\/IMAGEN-SEO-DRESSY.jpg","type":"image\/jpeg"}],"twitter_card":"summary_large_image","schema":{"@context":"https:\/\/schema.org","@graph":[{"@type":"CollectionPage","@id":"https:\/\/www.dressy.design\/fr\/c\/dessinateurs\/arnau-y-reyna\/","url":"https:\/\/www.dressy.design\/fr\/c\/dessinateurs\/arnau-y-reyna\/","name":"Arnau y Reyna | Dressy","isPartOf":{"@id":"https:\/\/www.dressy.design\/fr\/#website"},"breadcrumb":{"@id":"https:\/\/www.dressy.design\/fr\/c\/dessinateurs\/arnau-y-reyna\/#breadcrumb"},"inLanguage":"fr-FR"},{"@type":"BreadcrumbList","@id":"https:\/\/www.dressy.design\/fr\/c\/dessinateurs\/arnau-y-reyna\/#breadcrumb","itemListElement":[{"@type":"ListItem","position":1,"name":"Portada","item":"https:\/\/www.dressy.design\/fr\/"},{"@type":"ListItem","position":2,"name":"Dessinateurs","item":"https:\/\/www.dressy.design\/fr\/c\/dessinateurs\/"},{"@type":"ListItem","position":3,"name":"Arnau y Reyna"}]},{"@type":"WebSite","@id":"https:\/\/www.dressy.design\/fr\/#website","url":"https:\/\/www.dressy.design\/fr\/","name":"Dressy","description":"Sillas y mesas de m\u00e1xima calidad y dise\u00f1o","potentialAction":[{"@type":"SearchAction","target":{"@type":"EntryPoint","urlTemplate":"https:\/\/www.dressy.design\/fr\/?s={search_term_string}"},"query-input":{"@type":"PropertyValueSpecification","valueRequired":true,"valueName":"search_term_string"}}],"inLanguage":"fr-FR"}]}},"_links":{"self":[{"href":"https:\/\/www.dressy.design\/fr\/wp-json\/wp\/v2\/product_cat\/87","targetHints":{"allow":["GET"]}}],"collection":[{"href":"https:\/\/www.dressy.design\/fr\/wp-json\/wp\/v2\/product_cat"}],"about":[{"href":"https:\/\/www.dressy.design\/fr\/wp-json\/wp\/v2\/taxonomies\/product_cat"}],"up":[{"embeddable":true,"href":"https:\/\/www.dressy.design\/fr\/wp-json\/wp\/v2\/product_cat\/65"}],"wp:post_type":[{"href":"https:\/\/www.dressy.design\/fr\/wp-json\/wp\/v2\/product?product_cat=87"}],"curies":[{"name":"wp","href":"https:\/\/api.w.org\/{rel}","templated":true}]}}