{"id":88,"count":20,"description":"Il a \u00e9tudi\u00e9 le design industriel \u00e0 l\u2019ESDI CEU ; il a ensuite \u00e9tendu son savoir-faire \u00e0 l\u2019Universit\u00e9 polytechnique de Valence dans divers domaines, o\u00f9 il s\u2019est inscrit \u00e0 l\u2019\u00e9cole d\u2019architecture en 2004.\r\n\r\nPendant plusieurs ann\u00e9es, il a travaill\u00e9 simultan\u00e9ment dans le domaine de l\u2019enseignement et en tant que designer interne ind\u00e9pendant dans divers studios et entreprises de design.\r\n\r\nEn 2003, il a consolid\u00e9 son studio de conception qu\u2019il avait fond\u00e9 avec d\u2019autres partenaires quelques ann\u00e9es auparavant.\r\n\r\nSon \u00e9quipe interne est compos\u00e9e d\u2019experts professionnels dans diff\u00e9rents domaines, qui ont acquis une grande exp\u00e9rience professionnelle dans des entreprises et des studios de design de renomm\u00e9e internationale.\r\n\r\nIl se sp\u00e9cialise actuellement dans le design industriel et la gestion du design, o\u00f9 il d\u00e9veloppe des projets int\u00e9graux pour des entreprises de premier plan au niveau international.\r\n\r\nEn tant que politique du studio, il participe \u00e0 au moins 11 foires commerciales par an et consacre au moins 300 heures par personne \u00e0 la formation aux comp\u00e9tences entrepreneuriales.","link":"https:\/\/www.dressy.design\/fr\/c\/dessinateurs\/santiago-sevillano\/","name":"Santiago Sevillano","slug":"santiago-sevillano","taxonomy":"product_cat","parent":65,"meta":[],"menu_order":0,"acf":[],"yoast_head":"<!-- This site is optimized with the Yoast SEO plugin v27.2 - https:\/\/yoast.com\/product\/yoast-seo-wordpress\/ -->\n<title>Santiago Sevillano | Dressy<\/title>\n<meta name=\"robots\" content=\"index, follow, max-snippet:-1, max-image-preview:large, max-video-preview:-1\" \/>\n<link rel=\"canonical\" href=\"https:\/\/www.dressy.design\/fr\/c\/dessinateurs\/santiago-sevillano\/\" \/>\n<meta property=\"og:locale\" content=\"fr_FR\" \/>\n<meta property=\"og:type\" content=\"article\" \/>\n<meta property=\"og:title\" content=\"Santiago Sevillano | Dressy\" \/>\n<meta property=\"og:description\" content=\"Il a \u00e9tudi\u00e9 le design industriel \u00e0 l\u2019ESDI CEU ; il a ensuite \u00e9tendu son savoir-faire \u00e0 l\u2019Universit\u00e9 polytechnique de Valence dans divers domaines, o\u00f9 il s\u2019est inscrit \u00e0 l\u2019\u00e9cole d\u2019architecture en 2004. Pendant plusieurs ann\u00e9es, il a travaill\u00e9 simultan\u00e9ment dans le domaine de l\u2019enseignement et en tant que designer interne ind\u00e9pendant dans divers studios et entreprises de design. En 2003, il a consolid\u00e9 son studio de conception qu\u2019il avait fond\u00e9 avec d\u2019autres partenaires quelques ann\u00e9es auparavant. Son \u00e9quipe interne est compos\u00e9e d\u2019experts professionnels dans diff\u00e9rents domaines, qui ont acquis une grande exp\u00e9rience professionnelle dans des entreprises et des studios de design de renomm\u00e9e internationale. Il se sp\u00e9cialise actuellement dans le design industriel et la gestion du design, o\u00f9 il d\u00e9veloppe des projets int\u00e9graux pour des entreprises de premier plan au niveau international. En tant que politique du studio, il participe \u00e0 au moins 11 foires commerciales par an et consacre au moins 300 heures par personne \u00e0 la formation aux comp\u00e9tences entrepreneuriales.\" \/>\n<meta property=\"og:url\" content=\"https:\/\/www.dressy.design\/fr\/c\/dessinateurs\/santiago-sevillano\/\" \/>\n<meta property=\"og:site_name\" content=\"Dressy\" \/>\n<meta property=\"og:image\" content=\"https:\/\/www.dressy.design\/wp-content\/uploads\/2025\/01\/IMAGEN-SEO-DRESSY.jpg\" \/>\n\t<meta property=\"og:image:width\" content=\"1200\" \/>\n\t<meta property=\"og:image:height\" content=\"628\" \/>\n\t<meta property=\"og:image:type\" content=\"image\/jpeg\" \/>\n<meta name=\"twitter:card\" content=\"summary_large_image\" \/>\n<script type=\"application\/ld+json\" class=\"yoast-schema-graph\">{\"@context\":\"https:\/\/schema.org\",\"@graph\":[{\"@type\":\"CollectionPage\",\"@id\":\"https:\/\/www.dressy.design\/fr\/c\/dessinateurs\/santiago-sevillano\/\",\"url\":\"https:\/\/www.dressy.design\/fr\/c\/dessinateurs\/santiago-sevillano\/\",\"name\":\"Santiago Sevillano | Dressy\",\"isPartOf\":{\"@id\":\"https:\/\/www.dressy.design\/fr\/#website\"},\"breadcrumb\":{\"@id\":\"https:\/\/www.dressy.design\/fr\/c\/dessinateurs\/santiago-sevillano\/#breadcrumb\"},\"inLanguage\":\"fr-FR\"},{\"@type\":\"BreadcrumbList\",\"@id\":\"https:\/\/www.dressy.design\/fr\/c\/dessinateurs\/santiago-sevillano\/#breadcrumb\",\"itemListElement\":[{\"@type\":\"ListItem\",\"position\":1,\"name\":\"Portada\",\"item\":\"https:\/\/www.dressy.design\/fr\/\"},{\"@type\":\"ListItem\",\"position\":2,\"name\":\"Dessinateurs\",\"item\":\"https:\/\/www.dressy.design\/fr\/c\/dessinateurs\/\"},{\"@type\":\"ListItem\",\"position\":3,\"name\":\"Santiago Sevillano\"}]},{\"@type\":\"WebSite\",\"@id\":\"https:\/\/www.dressy.design\/fr\/#website\",\"url\":\"https:\/\/www.dressy.design\/fr\/\",\"name\":\"Dressy\",\"description\":\"Sillas y mesas de m\u00e1xima calidad y dise\u00f1o\",\"potentialAction\":[{\"@type\":\"SearchAction\",\"target\":{\"@type\":\"EntryPoint\",\"urlTemplate\":\"https:\/\/www.dressy.design\/fr\/?s={search_term_string}\"},\"query-input\":{\"@type\":\"PropertyValueSpecification\",\"valueRequired\":true,\"valueName\":\"search_term_string\"}}],\"inLanguage\":\"fr-FR\"}]}<\/script>\n<!-- \/ Yoast SEO plugin. -->","yoast_head_json":{"title":"Santiago Sevillano | Dressy","robots":{"index":"index","follow":"follow","max-snippet":"max-snippet:-1","max-image-preview":"max-image-preview:large","max-video-preview":"max-video-preview:-1"},"canonical":"https:\/\/www.dressy.design\/fr\/c\/dessinateurs\/santiago-sevillano\/","og_locale":"fr_FR","og_type":"article","og_title":"Santiago Sevillano | Dressy","og_description":"Il a \u00e9tudi\u00e9 le design industriel \u00e0 l\u2019ESDI CEU ; il a ensuite \u00e9tendu son savoir-faire \u00e0 l\u2019Universit\u00e9 polytechnique de Valence dans divers domaines, o\u00f9 il s\u2019est inscrit \u00e0 l\u2019\u00e9cole d\u2019architecture en 2004. Pendant plusieurs ann\u00e9es, il a travaill\u00e9 simultan\u00e9ment dans le domaine de l\u2019enseignement et en tant que designer interne ind\u00e9pendant dans divers studios et entreprises de design. En 2003, il a consolid\u00e9 son studio de conception qu\u2019il avait fond\u00e9 avec d\u2019autres partenaires quelques ann\u00e9es auparavant. Son \u00e9quipe interne est compos\u00e9e d\u2019experts professionnels dans diff\u00e9rents domaines, qui ont acquis une grande exp\u00e9rience professionnelle dans des entreprises et des studios de design de renomm\u00e9e internationale. Il se sp\u00e9cialise actuellement dans le design industriel et la gestion du design, o\u00f9 il d\u00e9veloppe des projets int\u00e9graux pour des entreprises de premier plan au niveau international. En tant que politique du studio, il participe \u00e0 au moins 11 foires commerciales par an et consacre au moins 300 heures par personne \u00e0 la formation aux comp\u00e9tences entrepreneuriales.","og_url":"https:\/\/www.dressy.design\/fr\/c\/dessinateurs\/santiago-sevillano\/","og_site_name":"Dressy","og_image":[{"width":1200,"height":628,"url":"https:\/\/www.dressy.design\/wp-content\/uploads\/2025\/01\/IMAGEN-SEO-DRESSY.jpg","type":"image\/jpeg"}],"twitter_card":"summary_large_image","schema":{"@context":"https:\/\/schema.org","@graph":[{"@type":"CollectionPage","@id":"https:\/\/www.dressy.design\/fr\/c\/dessinateurs\/santiago-sevillano\/","url":"https:\/\/www.dressy.design\/fr\/c\/dessinateurs\/santiago-sevillano\/","name":"Santiago Sevillano | Dressy","isPartOf":{"@id":"https:\/\/www.dressy.design\/fr\/#website"},"breadcrumb":{"@id":"https:\/\/www.dressy.design\/fr\/c\/dessinateurs\/santiago-sevillano\/#breadcrumb"},"inLanguage":"fr-FR"},{"@type":"BreadcrumbList","@id":"https:\/\/www.dressy.design\/fr\/c\/dessinateurs\/santiago-sevillano\/#breadcrumb","itemListElement":[{"@type":"ListItem","position":1,"name":"Portada","item":"https:\/\/www.dressy.design\/fr\/"},{"@type":"ListItem","position":2,"name":"Dessinateurs","item":"https:\/\/www.dressy.design\/fr\/c\/dessinateurs\/"},{"@type":"ListItem","position":3,"name":"Santiago Sevillano"}]},{"@type":"WebSite","@id":"https:\/\/www.dressy.design\/fr\/#website","url":"https:\/\/www.dressy.design\/fr\/","name":"Dressy","description":"Sillas y mesas de m\u00e1xima calidad y dise\u00f1o","potentialAction":[{"@type":"SearchAction","target":{"@type":"EntryPoint","urlTemplate":"https:\/\/www.dressy.design\/fr\/?s={search_term_string}"},"query-input":{"@type":"PropertyValueSpecification","valueRequired":true,"valueName":"search_term_string"}}],"inLanguage":"fr-FR"}]}},"_links":{"self":[{"href":"https:\/\/www.dressy.design\/fr\/wp-json\/wp\/v2\/product_cat\/88","targetHints":{"allow":["GET"]}}],"collection":[{"href":"https:\/\/www.dressy.design\/fr\/wp-json\/wp\/v2\/product_cat"}],"about":[{"href":"https:\/\/www.dressy.design\/fr\/wp-json\/wp\/v2\/taxonomies\/product_cat"}],"up":[{"embeddable":true,"href":"https:\/\/www.dressy.design\/fr\/wp-json\/wp\/v2\/product_cat\/65"}],"wp:post_type":[{"href":"https:\/\/www.dressy.design\/fr\/wp-json\/wp\/v2\/product?product_cat=88"}],"curies":[{"name":"wp","href":"https:\/\/api.w.org\/{rel}","templated":true}]}}